{"id":14415,"date":"2024-11-20T08:30:02","date_gmt":"2024-11-20T07:30:02","guid":{"rendered":"https:\/\/www.ceab.csic.es\/?p=14415"},"modified":"2024-11-20T14:41:05","modified_gmt":"2024-11-20T13:41:05","slug":"inauguracio-de-lexposicio-especies-invasores-marines-lamenaca-silenciosa","status":"publish","type":"post","link":"https:\/\/www.ceab.csic.es\/en\/inauguracio-de-lexposicio-especies-invasores-marines-lamenaca-silenciosa\/","title":{"rendered":"Opening of the exhibition \u201cMarine Invasive Species: The Silent Threat\u201d"},"content":{"rendered":"<h4>On November 21, the exhibition organized by the Maritime Museum of Barcelona (MMB) and the Centre for Advanced Studies of Blanes (CEAB-CSIC) will open. The exhibition addresses one of the main threats to the Mediterranean\u2019s marine biodiversity: invasive species.<\/h4>\n<p>The introduction of non-native species into the Mediterranean has become the second leading cause of marine biodiversity loss, surpassed only by habitat degradation caused by human activity, according to the International Union for Conservation of Nature (IUCN).<\/p>\n<p>It is estimated that around 4,000 species travel daily worldwide, although studies indicate that less than 3% manage to establish themselves permanently and become invasive. One of the main entryways for these species is the Suez Canal and the Strait of Gibraltar, making the Mediterranean the sea with the highest number of invasive species.<\/p>\n<p>But what exactly is an invasive species? What are the main pathways of introduction for these organisms into the Mediterranean? What are their effects on marine ecosystems? And on economic activities? What other impacts do they have? How does climate change, specifically the warming of waters, affect them? What measures can be taken to mitigate this threat and preserve marine biodiversity?<\/p>\n<p>The<strong> exhibition \u201cMarine Invasive Species: The Silent Threat\u201d<\/strong> answers these and other crucial questions to understand the challenges posed by invasive species. It does so through a scientific, educational, and interactive journey.<\/p>\n<h4><strong>Visit it first on November 21<\/strong><\/h4>\n<p>This Thursday, November 21, the temporary exhibition will be inaugurated. In the morning, there will be an exclusive guided tour for media representatives, led by the MMB\u2019s director, Enric Garcia Domingo, and two of the exhibition\u2019s curators: Marc Rius Viladomiu (director and scientific researcher at CEAB-CSIC) and Mar\u00eda Garc\u00eda Gonz\u00e1lez (researcher at CEAB-CSIC, also specialized in this subject).<\/p>\n<p><strong>In the afternoon, at 6 pm, the official opening event will take place, open to anyone interested,<\/strong> and will also feature explanations by the CEAB-CSIC team of experts who developed the content.<\/p>\n<p>Starting the following day, November 22, and until June 8, it will be open for free visits daily. It will be displayed in the Mirador space of the Maritime Museum of Barcelona, with extended hours, from 10 am to 8 pm.<\/p>\n<p>And from December onwards, visitors can enjoy guided tours by the curators themselves. Each curator will offer a specialized perspective based on their area of expertise. The scheduled tours so far are:<\/p>\n<ul>\n<li><strong>12\/12\/2024<\/strong> \u2013 Tour with Emma Cebrian, Head of the Marine Ecology Department at CEAB-CSIC, specializing in the organization of benthic marine communities: their structure, functioning, main processes, and the impact of human activities and global change on marine ecosystems.<\/li>\n<li><strong>23\/01\/2025<\/strong> \u2013 Guided visit by Marc Rius, scientific researcher at the Marine Ecology Department. His research focuses on understanding the ecological and evolutionary consequences of human activities on marine species and ecosystems.<\/li>\n<li><strong>20\/02\/2025<\/strong> (*<em>) \u2013 Tour of the exhibition with Mar\u00eda Garc\u00eda, scientific researcher at the Marine Ecology Department. She works on preventing, detecting, and monitoring invasive species in the marine environment and characterizing the quality of coastal marine waters.<br \/>\n(*<\/em>) This session will include a sign language interpreter.<\/li>\n<li><strong>26\/03\/2025<\/strong> \u2013 Tour with Xavier Turon, research professor in the Marine Ecology Department. He specializes in benthic invertebrates, particularly invasive species, and his research fields include taxonomy, reproductive biology, population dynamics, and population genomics.<\/li>\n<\/ul>\n<p>The schedule for these tours with the curators is from 5:30 pm to 6:30 pm. They are also free, but prior registration is required. You <strong><a href=\"https:\/\/www.mmb.cat\/activitats\/el-comissariat-explica-especies-invasores-marines\/\">can register at this link.<\/a><\/strong><\/p>\n<h6>More information about the temporary exhibition \u201cMarine Invasive Species: The Silent Threat\u201d can be found on the <a href=\"https:\/\/www.mmb.cat\/activitats\/el-comissariat-explica-especies-invasores-marines\/\">Maritime Museum of Barcelona\u2019s website.<\/a><\/h6>\n","protected":false},"excerpt":{"rendered":"<p>On November 21, the exhibition organized by the Maritime Museum of Barcelona (MMB) and the Centre for Advanced Studies of Blanes (CEAB-CSIC) will open. The exhibition addresses one of the main threats to the Mediterranean\u2019s marine biodiversity: invasive species. The introduction of non-native species into the Mediterranean has become the second leading cause of marine&hellip;&nbsp;<a href=\"https:\/\/www.ceab.csic.es\/en\/inauguracio-de-lexposicio-especies-invasores-marines-lamenaca-silenciosa\/\" rel=\"bookmark\"><span class=\"screen-reader-text\">Opening of the exhibition \u201cMarine Invasive Species: The Silent Threat\u201d<\/span><\/a><\/p>\n","protected":false},"author":3,"featured_media":14413,"comment_status":"closed","ping_status":"closed","sticky":false,"template":"","format":"standard","meta":{"_acf_changed":false,"neve_meta_sidebar":"","neve_meta_container":"","neve_meta_enable_content_width":"off","neve_meta_content_width":70,"neve_meta_title_alignment":"","neve_meta_author_avatar":"","neve_post_elements_order":"","neve_meta_disable_header":"","neve_meta_disable_footer":"","neve_meta_disable_title":"","footnotes":""},"categories":[468,334],"tags":[1354,1542,1468,1099,1554,1510],"class_list":["post-14415","post","type-post","status-publish","format-standard","has-post-thumbnail","hentry","category-featured","category-uncategorized","tag-divulgacio-cientifica-en","tag-ecologia-marina-en","tag-especies-invasores-en","tag-invasive-species","tag-marine-ecology","tag-scientific-dissemination"],"acf":[],"yoast_head":"<!-- This site is optimized with the Yoast SEO plugin v24.6 - https:\/\/yoast.com\/wordpress\/plugins\/seo\/ -->\n<title>Opening of the exhibition \u201cMarine Invasive Species: The Silent Threat\u201d | CEAB<\/title>\n<meta name=\"robots\" content=\"index, follow, max-snippet:-1, max-image-preview:large, max-video-preview:-1\" \/>\n<link rel=\"canonical\" href=\"https:\/\/www.ceab.csic.es\/en\/inauguracio-de-lexposicio-especies-invasores-marines-lamenaca-silenciosa\/\" \/>\n<meta property=\"og:locale\" content=\"en_US\" \/>\n<meta property=\"og:type\" content=\"article\" \/>\n<meta property=\"og:title\" content=\"Opening of the exhibition \u201cMarine Invasive Species: The Silent Threat\u201d | CEAB\" \/>\n<meta property=\"og:description\" content=\"On November 21, the exhibition organized by the Maritime Museum of Barcelona (MMB) and the Centre for Advanced Studies of Blanes (CEAB-CSIC) will open. The exhibition addresses one of the main threats to the Mediterranean\u2019s marine biodiversity: invasive species. The introduction of non-native species into the Mediterranean has become the second leading cause of marine&hellip;&nbsp;Opening of the exhibition \u201cMarine Invasive Species: The Silent Threat\u201d\" \/>\n<meta property=\"og:url\" content=\"https:\/\/www.ceab.csic.es\/en\/inauguracio-de-lexposicio-especies-invasores-marines-lamenaca-silenciosa\/\" \/>\n<meta property=\"og:site_name\" content=\"CEAB\" \/>\n<meta property=\"article:published_time\" content=\"2024-11-20T07:30:02+00:00\" \/>\n<meta property=\"article:modified_time\" content=\"2024-11-20T13:41:05+00:00\" \/>\n<meta property=\"og:image\" content=\"https:\/\/www.ceab.csic.es\/wp-content\/uploads\/2024\/11\/exposicio-ceab-mmb.jpg\" \/>\n\t<meta property=\"og:image:width\" content=\"1600\" \/>\n\t<meta property=\"og:image:height\" content=\"1600\" \/>\n\t<meta property=\"og:image:type\" content=\"image\/jpeg\" \/>\n<meta name=\"author\" content=\"Noem\u00ed Guillem\" \/>\n<meta name=\"twitter:card\" content=\"summary_large_image\" \/>\n<meta name=\"twitter:creator\" content=\"@ceabcsic\" \/>\n<meta name=\"twitter:site\" content=\"@ceabcsic\" \/>\n<meta name=\"twitter:label1\" content=\"Written by\" \/>\n\t<meta name=\"twitter:data1\" content=\"Noem\u00ed Guillem\" \/>\n\t<meta name=\"twitter:label2\" content=\"Est. reading time\" \/>\n\t<meta name=\"twitter:data2\" content=\"4 minutes\" \/>\n<script type=\"application\/ld+json\" class=\"yoast-schema-graph\">{\"@context\":\"https:\/\/schema.org\",\"@graph\":[{\"@type\":\"WebPage\",\"@id\":\"https:\/\/www.ceab.csic.es\/en\/inauguracio-de-lexposicio-especies-invasores-marines-lamenaca-silenciosa\/\",\"url\":\"https:\/\/www.ceab.csic.es\/en\/inauguracio-de-lexposicio-especies-invasores-marines-lamenaca-silenciosa\/\",\"name\":\"Opening of the exhibition \u201cMarine Invasive Species: The Silent Threat\u201d | CEAB\",\"isPartOf\":{\"@id\":\"https:\/\/www.ceab.csic.es\/en\/#website\"},\"primaryImageOfPage\":{\"@id\":\"https:\/\/www.ceab.csic.es\/en\/inauguracio-de-lexposicio-especies-invasores-marines-lamenaca-silenciosa\/#primaryimage\"},\"image\":{\"@id\":\"https:\/\/www.ceab.csic.es\/en\/inauguracio-de-lexposicio-especies-invasores-marines-lamenaca-silenciosa\/#primaryimage\"},\"thumbnailUrl\":\"https:\/\/www.ceab.csic.es\/wp-content\/uploads\/2024\/11\/exposicio-ceab-mmb.jpg\",\"datePublished\":\"2024-11-20T07:30:02+00:00\",\"dateModified\":\"2024-11-20T13:41:05+00:00\",\"author\":{\"@id\":\"https:\/\/www.ceab.csic.es\/en\/#\/schema\/person\/9e98e5f2473d1f6aad49dbda849efb50\"},\"breadcrumb\":{\"@id\":\"https:\/\/www.ceab.csic.es\/en\/inauguracio-de-lexposicio-especies-invasores-marines-lamenaca-silenciosa\/#breadcrumb\"},\"inLanguage\":\"en-US\",\"potentialAction\":[{\"@type\":\"ReadAction\",\"target\":[\"https:\/\/www.ceab.csic.es\/en\/inauguracio-de-lexposicio-especies-invasores-marines-lamenaca-silenciosa\/\"]}]},{\"@type\":\"ImageObject\",\"inLanguage\":\"en-US\",\"@id\":\"https:\/\/www.ceab.csic.es\/en\/inauguracio-de-lexposicio-especies-invasores-marines-lamenaca-silenciosa\/#primaryimage\",\"url\":\"https:\/\/www.ceab.csic.es\/wp-content\/uploads\/2024\/11\/exposicio-ceab-mmb.jpg\",\"contentUrl\":\"https:\/\/www.ceab.csic.es\/wp-content\/uploads\/2024\/11\/exposicio-ceab-mmb.jpg\",\"width\":1600,\"height\":1600},{\"@type\":\"BreadcrumbList\",\"@id\":\"https:\/\/www.ceab.csic.es\/en\/inauguracio-de-lexposicio-especies-invasores-marines-lamenaca-silenciosa\/#breadcrumb\",\"itemListElement\":[{\"@type\":\"ListItem\",\"position\":1,\"name\":\"Inici\",\"item\":\"https:\/\/www.ceab.csic.es\/en\/\"},{\"@type\":\"ListItem\",\"position\":2,\"name\":\"Opening of the exhibition \u201cMarine Invasive Species: The Silent Threat\u201d\"}]},{\"@type\":\"WebSite\",\"@id\":\"https:\/\/www.ceab.csic.es\/en\/#website\",\"url\":\"https:\/\/www.ceab.csic.es\/en\/\",\"name\":\"CEAB\",\"description\":\"Centre Estudis Avan\u00e7ats de Blanes\",\"alternateName\":\"CEAB\",\"potentialAction\":[{\"@type\":\"SearchAction\",\"target\":{\"@type\":\"EntryPoint\",\"urlTemplate\":\"https:\/\/www.ceab.csic.es\/en\/?s={search_term_string}\"},\"query-input\":{\"@type\":\"PropertyValueSpecification\",\"valueRequired\":true,\"valueName\":\"search_term_string\"}}],\"inLanguage\":\"en-US\"},{\"@type\":\"Person\",\"@id\":\"https:\/\/www.ceab.csic.es\/en\/#\/schema\/person\/9e98e5f2473d1f6aad49dbda849efb50\",\"name\":\"Noem\u00ed Guillem\",\"image\":{\"@type\":\"ImageObject\",\"inLanguage\":\"en-US\",\"@id\":\"https:\/\/www.ceab.csic.es\/en\/#\/schema\/person\/image\/\",\"url\":\"https:\/\/secure.gravatar.com\/avatar\/cab253f6fa7b0ce5e36e74def0a60f62?s=96&d=mm&r=g\",\"contentUrl\":\"https:\/\/secure.gravatar.com\/avatar\/cab253f6fa7b0ce5e36e74def0a60f62?s=96&d=mm&r=g\",\"caption\":\"Noem\u00ed Guillem\"},\"sameAs\":[\"https:\/\/www.ceab.csic.es\/\"]}]}<\/script>\n<!-- \/ Yoast SEO plugin. -->","yoast_head_json":{"title":"Opening of the exhibition \u201cMarine Invasive Species: The Silent Threat\u201d | CEAB","robots":{"index":"index","follow":"follow","max-snippet":"max-snippet:-1","max-image-preview":"max-image-preview:large","max-video-preview":"max-video-preview:-1"},"canonical":"https:\/\/www.ceab.csic.es\/en\/inauguracio-de-lexposicio-especies-invasores-marines-lamenaca-silenciosa\/","og_locale":"en_US","og_type":"article","og_title":"Opening of the exhibition \u201cMarine Invasive Species: The Silent Threat\u201d | CEAB","og_description":"On November 21, the exhibition organized by the Maritime Museum of Barcelona (MMB) and the Centre for Advanced Studies of Blanes (CEAB-CSIC) will open. The exhibition addresses one of the main threats to the Mediterranean\u2019s marine biodiversity: invasive species. The introduction of non-native species into the Mediterranean has become the second leading cause of marine&hellip;&nbsp;Opening of the exhibition \u201cMarine Invasive Species: The Silent Threat\u201d","og_url":"https:\/\/www.ceab.csic.es\/en\/inauguracio-de-lexposicio-especies-invasores-marines-lamenaca-silenciosa\/","og_site_name":"CEAB","article_published_time":"2024-11-20T07:30:02+00:00","article_modified_time":"2024-11-20T13:41:05+00:00","og_image":[{"width":1600,"height":1600,"url":"https:\/\/www.ceab.csic.es\/wp-content\/uploads\/2024\/11\/exposicio-ceab-mmb.jpg","type":"image\/jpeg"}],"author":"Noem\u00ed Guillem","twitter_card":"summary_large_image","twitter_creator":"@ceabcsic","twitter_site":"@ceabcsic","twitter_misc":{"Written by":"Noem\u00ed Guillem","Est. reading time":"4 minutes"},"schema":{"@context":"https:\/\/schema.org","@graph":[{"@type":"WebPage","@id":"https:\/\/www.ceab.csic.es\/en\/inauguracio-de-lexposicio-especies-invasores-marines-lamenaca-silenciosa\/","url":"https:\/\/www.ceab.csic.es\/en\/inauguracio-de-lexposicio-especies-invasores-marines-lamenaca-silenciosa\/","name":"Opening of the exhibition \u201cMarine Invasive Species: The Silent Threat\u201d | CEAB","isPartOf":{"@id":"https:\/\/www.ceab.csic.es\/en\/#website"},"primaryImageOfPage":{"@id":"https:\/\/www.ceab.csic.es\/en\/inauguracio-de-lexposicio-especies-invasores-marines-lamenaca-silenciosa\/#primaryimage"},"image":{"@id":"https:\/\/www.ceab.csic.es\/en\/inauguracio-de-lexposicio-especies-invasores-marines-lamenaca-silenciosa\/#primaryimage"},"thumbnailUrl":"https:\/\/www.ceab.csic.es\/wp-content\/uploads\/2024\/11\/exposicio-ceab-mmb.jpg","datePublished":"2024-11-20T07:30:02+00:00","dateModified":"2024-11-20T13:41:05+00:00","author":{"@id":"https:\/\/www.ceab.csic.es\/en\/#\/schema\/person\/9e98e5f2473d1f6aad49dbda849efb50"},"breadcrumb":{"@id":"https:\/\/www.ceab.csic.es\/en\/inauguracio-de-lexposicio-especies-invasores-marines-lamenaca-silenciosa\/#breadcrumb"},"inLanguage":"en-US","potentialAction":[{"@type":"ReadAction","target":["https:\/\/www.ceab.csic.es\/en\/inauguracio-de-lexposicio-especies-invasores-marines-lamenaca-silenciosa\/"]}]},{"@type":"ImageObject","inLanguage":"en-US","@id":"https:\/\/www.ceab.csic.es\/en\/inauguracio-de-lexposicio-especies-invasores-marines-lamenaca-silenciosa\/#primaryimage","url":"https:\/\/www.ceab.csic.es\/wp-content\/uploads\/2024\/11\/exposicio-ceab-mmb.jpg","contentUrl":"https:\/\/www.ceab.csic.es\/wp-content\/uploads\/2024\/11\/exposicio-ceab-mmb.jpg","width":1600,"height":1600},{"@type":"BreadcrumbList","@id":"https:\/\/www.ceab.csic.es\/en\/inauguracio-de-lexposicio-especies-invasores-marines-lamenaca-silenciosa\/#breadcrumb","itemListElement":[{"@type":"ListItem","position":1,"name":"Inici","item":"https:\/\/www.ceab.csic.es\/en\/"},{"@type":"ListItem","position":2,"name":"Opening of the exhibition \u201cMarine Invasive Species: The Silent Threat\u201d"}]},{"@type":"WebSite","@id":"https:\/\/www.ceab.csic.es\/en\/#website","url":"https:\/\/www.ceab.csic.es\/en\/","name":"CEAB","description":"Centre Estudis Avan\u00e7ats de Blanes","alternateName":"CEAB","potentialAction":[{"@type":"SearchAction","target":{"@type":"EntryPoint","urlTemplate":"https:\/\/www.ceab.csic.es\/en\/?s={search_term_string}"},"query-input":{"@type":"PropertyValueSpecification","valueRequired":true,"valueName":"search_term_string"}}],"inLanguage":"en-US"},{"@type":"Person","@id":"https:\/\/www.ceab.csic.es\/en\/#\/schema\/person\/9e98e5f2473d1f6aad49dbda849efb50","name":"Noem\u00ed Guillem","image":{"@type":"ImageObject","inLanguage":"en-US","@id":"https:\/\/www.ceab.csic.es\/en\/#\/schema\/person\/image\/","url":"https:\/\/secure.gravatar.com\/avatar\/cab253f6fa7b0ce5e36e74def0a60f62?s=96&d=mm&r=g","contentUrl":"https:\/\/secure.gravatar.com\/avatar\/cab253f6fa7b0ce5e36e74def0a60f62?s=96&d=mm&r=g","caption":"Noem\u00ed Guillem"},"sameAs":["https:\/\/www.ceab.csic.es\/"]}]}},"_links":{"self":[{"href":"https:\/\/www.ceab.csic.es\/en\/wp-json\/wp\/v2\/posts\/14415","targetHints":{"allow":["GET"]}}],"collection":[{"href":"https:\/\/www.ceab.csic.es\/en\/wp-json\/wp\/v2\/posts"}],"about":[{"href":"https:\/\/www.ceab.csic.es\/en\/wp-json\/wp\/v2\/types\/post"}],"author":[{"embeddable":true,"href":"https:\/\/www.ceab.csic.es\/en\/wp-json\/wp\/v2\/users\/3"}],"replies":[{"embeddable":true,"href":"https:\/\/www.ceab.csic.es\/en\/wp-json\/wp\/v2\/comments?post=14415"}],"version-history":[{"count":3,"href":"https:\/\/www.ceab.csic.es\/en\/wp-json\/wp\/v2\/posts\/14415\/revisions"}],"predecessor-version":[{"id":14422,"href":"https:\/\/www.ceab.csic.es\/en\/wp-json\/wp\/v2\/posts\/14415\/revisions\/14422"}],"wp:featuredmedia":[{"embeddable":true,"href":"https:\/\/www.ceab.csic.es\/en\/wp-json\/wp\/v2\/media\/14413"}],"wp:attachment":[{"href":"https:\/\/www.ceab.csic.es\/en\/wp-json\/wp\/v2\/media?parent=14415"}],"wp:term":[{"taxonomy":"category","embeddable":true,"href":"https:\/\/www.ceab.csic.es\/en\/wp-json\/wp\/v2\/categories?post=14415"},{"taxonomy":"post_tag","embeddable":true,"href":"https:\/\/www.ceab.csic.es\/en\/wp-json\/wp\/v2\/tags?post=14415"}],"curies":[{"name":"wp","href":"https:\/\/api.w.org\/{rel}","templated":true}]}}