{"id":14416,"date":"2024-11-20T08:30:02","date_gmt":"2024-11-20T07:30:02","guid":{"rendered":"https:\/\/www.ceab.csic.es\/?p=14416"},"modified":"2024-11-20T14:42:00","modified_gmt":"2024-11-20T13:42:00","slug":"inauguracio-de-lexposicio-especies-invasores-marines-lamenaca-silenciosa","status":"publish","type":"post","link":"https:\/\/www.ceab.csic.es\/es\/inauguracio-de-lexposicio-especies-invasores-marines-lamenaca-silenciosa\/","title":{"rendered":"Inauguraci\u00f3n de la exposici\u00f3n \u00abEspecies invasoras marinas. La amenaza silenciosa\u00bb"},"content":{"rendered":"<h4>Este 21 de noviembre se inaugura la exposici\u00f3n organizada por el Museo Mar\u00edtimo de Barcelona (MMB) y el Centro de Estudios Avanzados de Blanes (CEAB-CSIC). La muestra aborda una de las principales amenazas para la biodiversidad marina del Mediterr\u00e1neo: las especies invasoras.<\/h4>\n<p>La introducci\u00f3n de especies no nativas en el Mediterr\u00e1neo se ha convertido en la segunda causa de p\u00e9rdida de biodiversidad marina, solo superada por la degradaci\u00f3n de los h\u00e1bitats debido a la acci\u00f3n humana, seg\u00fan la <a href=\"https:\/\/iucn.org\/es\/acerca-de-la-uicn\">Uni\u00f3n Internacional para la Conservaci\u00f3n de la Naturaleza (UICN)<\/a>.<\/p>\n<p>Se estima que alrededor de 4.000 especies viajan diariamente por todo el mundo, aunque los estudios indican que menos del 3% logran establecerse de forma permanente y convertirse en invasoras. Una de las principales v\u00edas de entrada de estas especies es el canal de Suez y el estrecho de Gibraltar, lo que convierte al Mediterr\u00e1neo en el mar con mayor n\u00famero de invasoras.<\/p>\n<p>Pero, \u00bfqu\u00e9 es exactamente una especie invasora? \u00bfCu\u00e1les son las principales v\u00edas de introducci\u00f3n de estos organismos en el Mediterr\u00e1neo? \u00bfCu\u00e1les son sus efectos sobre los ecosistemas marinos? \u00bfY sobre la actividad econ\u00f3mica? \u00bfQu\u00e9 otros impactos tienen? \u00bfC\u00f3mo afecta el cambio clim\u00e1tico, y m\u00e1s concretamente el calentamiento de las aguas? \u00bfQu\u00e9 medidas se pueden tomar para mitigar esta amenaza y preservar la biodiversidad marina?<\/p>\n<p>La <strong>exposici\u00f3n \u00abEspecies invasoras marinas. La amenaza silenciosa\u00bb<\/strong> responde a estas y otras preguntas cruciales para comprender el desaf\u00edo que representan las especies invasoras. Lo hace ofreciendo un recorrido cient\u00edfico, did\u00e1ctico e interactivo.<\/p>\n<h4><strong>Visita, en primicia, este 21 de noviembre<\/strong><\/h4>\n<p>Este jueves 21 de noviembre se inaugura esta exposici\u00f3n temporal. Por la ma\u00f1ana, con una visita guiada exclusiva para medios de comunicaci\u00f3n, que ser\u00e1 conducida por el director del MMB, Enric Garcia Domingo, y dos de los comisarios de la exposici\u00f3n: Marc Rius Viladomiu (director e investigador cient\u00edfico del CEAB-CSIC) y Mar\u00eda Garc\u00eda Gonz\u00e1lez (investigadora del CEAB-CSIC, tambi\u00e9n especializada en esta tem\u00e1tica).<\/p>\n<p><strong>Por la tarde, a las 18 h, se realizar\u00e1 el acto oficial de inauguraci\u00f3n, abierto a todo el p\u00fablico que desee asistir<\/strong>, que tambi\u00e9n contar\u00e1 con las explicaciones del grupo de expertos del CEAB-CSIC que han elaborado los contenidos.<\/p>\n<p>A partir del d\u00eda siguiente, 22 de noviembre, y hasta el 8 de junio, se podr\u00e1 visitar libremente todos los d\u00edas. Se exhibir\u00e1 en el <strong>espacio Mirador del Museo Mar\u00edtimo de Barcelona<\/strong>, en horario ampliado, de 10 h a 20 h.<\/p>\n<p>Y, ya <strong>a partir de diciembre, quienes lo deseen podr\u00e1n recorrerla de la mano de los comisarios. Cada uno de ellos aportar\u00e1 una visi\u00f3n especializada seg\u00fan su campo de estudio<\/strong>. Las rutas programadas hasta el momento son:<\/p>\n<ul>\n<li><strong>12\/12\/2024<\/strong> \u2013 Visita a la exposici\u00f3n con Emma Cebrian, Jefa del Departamento de Ecolog\u00eda Marina del CEAB-CSIC, especializada en el estudio de la organizaci\u00f3n de las comunidades marinas bent\u00f3nicas: la estructura, funcionamiento y principales procesos en las comunidades y el papel que tiene el impacto humano y el cambio global en los ecosistemas marinos.<\/li>\n<li><strong>23\/01\/2025<\/strong> \u2013 Visita guiada por Marc Rius, investigador cient\u00edfico del Departamento de Ecolog\u00eda Marina. Su investigaci\u00f3n se centra en mejorar el conocimiento de las consecuencias ecol\u00f3gicas y evolutivas de las actividades humanas sobre las especies y los ecosistemas marinos.<\/li>\n<li><strong>20\/02\/2025<\/strong> (*<em>) \u2013 Recorrido por la muestra con Mar\u00eda Garc\u00eda, investigadora cient\u00edfica del Departamento de Ecolog\u00eda Marina. Trabaja en la prevenci\u00f3n, detecci\u00f3n y seguimiento de especies invasoras en el medio marino y en la caracterizaci\u00f3n de la calidad de las aguas marinas costeras.<br \/>\n(*<\/em>) Esta sesi\u00f3n contar\u00e1 con un int\u00e9rprete en lengua de signos.<\/li>\n<li><strong>26\/03\/2025<\/strong> \u2013 Recorrido con Xavier Turon, profesor de investigaci\u00f3n del Departamento de Ecolog\u00eda Marina. Trabaja con invertebrados bent\u00f3nicos, en particular especies invasoras, y sus campos de investigaci\u00f3n son la taxonom\u00eda, biolog\u00eda reproductiva, din\u00e1mica de poblaciones y gen\u00f3mica de poblaciones.<\/li>\n<\/ul>\n<p>El horario de estas visitas con los comisarios ser\u00e1 de 17:30 h a 18:30 h. Tambi\u00e9n son gratuitas, pero es necesario<strong> <a href=\"https:\/\/www.mmb.cat\/activitats\/el-comissariat-explica-especies-invasores-marines\/\">inscribirse previamente. Pod\u00e9is hacerlo en este enlace<\/a>.<\/strong><\/p>\n<h6>M\u00e1s informaci\u00f3n sobre la exposici\u00f3n temporal \u00abEspecies invasoras marinas. La amenaza silenciosa\u00bb, en la <a href=\"https:\/\/www.mmb.cat\/exposicions\/especies-invasores-marines\/\">p\u00e1gina web del Museo Mar\u00edtimo de Barcelona<\/a>.<\/h6>\n","protected":false},"excerpt":{"rendered":"<p>Este 21 de noviembre se inaugura la exposici\u00f3n organizada por el Museo Mar\u00edtimo de Barcelona (MMB) y el Centro de Estudios Avanzados de Blanes (CEAB-CSIC). La muestra aborda una de las principales amenazas para la biodiversidad marina del Mediterr\u00e1neo: las especies invasoras. La introducci\u00f3n de especies no nativas en el Mediterr\u00e1neo se ha convertido en&hellip;&nbsp;<a href=\"https:\/\/www.ceab.csic.es\/es\/inauguracio-de-lexposicio-especies-invasores-marines-lamenaca-silenciosa\/\" rel=\"bookmark\"><span class=\"screen-reader-text\">Inauguraci\u00f3n de la exposici\u00f3n \u00abEspecies invasoras marinas. La amenaza silenciosa\u00bb<\/span><\/a><\/p>\n","protected":false},"author":3,"featured_media":14414,"comment_status":"closed","ping_status":"closed","sticky":false,"template":"","format":"standard","meta":{"_acf_changed":false,"neve_meta_sidebar":"","neve_meta_container":"","neve_meta_enable_content_width":"off","neve_meta_content_width":70,"neve_meta_title_alignment":"","neve_meta_author_avatar":"","neve_post_elements_order":"","neve_meta_disable_header":"","neve_meta_disable_footer":"","neve_meta_disable_title":"","footnotes":""},"categories":[467,335],"tags":[1350,1043,1547,974,1470],"class_list":["post-14416","post","type-post","status-publish","format-standard","has-post-thumbnail","hentry","category-destacadas","category-sin-categorizar","tag-divulgacio-cientifica-es","tag-divulgacion-cientifica","tag-ecologia-marina-es","tag-especies-invasoras","tag-especies-invasores-es"],"acf":[],"yoast_head":"<!-- This site is optimized with the Yoast SEO plugin v24.6 - https:\/\/yoast.com\/wordpress\/plugins\/seo\/ -->\n<title>Inauguraci\u00f3n de la exposici\u00f3n \u00abEspecies invasoras marinas. La amenaza silenciosa\u00bb | CEAB<\/title>\n<meta name=\"robots\" content=\"index, follow, max-snippet:-1, max-image-preview:large, max-video-preview:-1\" \/>\n<link rel=\"canonical\" href=\"https:\/\/www.ceab.csic.es\/es\/inauguracio-de-lexposicio-especies-invasores-marines-lamenaca-silenciosa\/\" \/>\n<meta property=\"og:locale\" content=\"es_ES\" \/>\n<meta property=\"og:type\" content=\"article\" \/>\n<meta property=\"og:title\" content=\"Inauguraci\u00f3n de la exposici\u00f3n \u00abEspecies invasoras marinas. La amenaza silenciosa\u00bb | CEAB\" \/>\n<meta property=\"og:description\" content=\"Este 21 de noviembre se inaugura la exposici\u00f3n organizada por el Museo Mar\u00edtimo de Barcelona (MMB) y el Centro de Estudios Avanzados de Blanes (CEAB-CSIC). La muestra aborda una de las principales amenazas para la biodiversidad marina del Mediterr\u00e1neo: las especies invasoras. La introducci\u00f3n de especies no nativas en el Mediterr\u00e1neo se ha convertido en&hellip;&nbsp;Inauguraci\u00f3n de la exposici\u00f3n \u00abEspecies invasoras marinas. La amenaza silenciosa\u00bb\" \/>\n<meta property=\"og:url\" content=\"https:\/\/www.ceab.csic.es\/es\/inauguracio-de-lexposicio-especies-invasores-marines-lamenaca-silenciosa\/\" \/>\n<meta property=\"og:site_name\" content=\"CEAB\" \/>\n<meta property=\"article:published_time\" content=\"2024-11-20T07:30:02+00:00\" \/>\n<meta property=\"article:modified_time\" content=\"2024-11-20T13:42:00+00:00\" \/>\n<meta property=\"og:image\" content=\"https:\/\/www.ceab.csic.es\/wp-content\/uploads\/2024\/11\/exposicio-ceab-mmb.jpg\" \/>\n\t<meta property=\"og:image:width\" content=\"1600\" \/>\n\t<meta property=\"og:image:height\" content=\"1600\" \/>\n\t<meta property=\"og:image:type\" content=\"image\/jpeg\" \/>\n<meta name=\"author\" content=\"Noem\u00ed Guillem\" \/>\n<meta name=\"twitter:card\" content=\"summary_large_image\" \/>\n<meta name=\"twitter:creator\" content=\"@ceabcsic\" \/>\n<meta name=\"twitter:site\" content=\"@ceabcsic\" \/>\n<meta name=\"twitter:label1\" content=\"Escrito por\" \/>\n\t<meta name=\"twitter:data1\" content=\"Noem\u00ed Guillem\" \/>\n\t<meta name=\"twitter:label2\" content=\"Tiempo de lectura\" \/>\n\t<meta name=\"twitter:data2\" content=\"4 minutos\" \/>\n<script type=\"application\/ld+json\" class=\"yoast-schema-graph\">{\"@context\":\"https:\/\/schema.org\",\"@graph\":[{\"@type\":\"WebPage\",\"@id\":\"https:\/\/www.ceab.csic.es\/es\/inauguracio-de-lexposicio-especies-invasores-marines-lamenaca-silenciosa\/\",\"url\":\"https:\/\/www.ceab.csic.es\/es\/inauguracio-de-lexposicio-especies-invasores-marines-lamenaca-silenciosa\/\",\"name\":\"Inauguraci\u00f3n de la exposici\u00f3n \u00abEspecies invasoras marinas. La amenaza silenciosa\u00bb | CEAB\",\"isPartOf\":{\"@id\":\"https:\/\/www.ceab.csic.es\/es\/#website\"},\"primaryImageOfPage\":{\"@id\":\"https:\/\/www.ceab.csic.es\/es\/inauguracio-de-lexposicio-especies-invasores-marines-lamenaca-silenciosa\/#primaryimage\"},\"image\":{\"@id\":\"https:\/\/www.ceab.csic.es\/es\/inauguracio-de-lexposicio-especies-invasores-marines-lamenaca-silenciosa\/#primaryimage\"},\"thumbnailUrl\":\"https:\/\/www.ceab.csic.es\/wp-content\/uploads\/2024\/11\/exposicio-ceab-mmb.jpg\",\"datePublished\":\"2024-11-20T07:30:02+00:00\",\"dateModified\":\"2024-11-20T13:42:00+00:00\",\"author\":{\"@id\":\"https:\/\/www.ceab.csic.es\/es\/#\/schema\/person\/9e98e5f2473d1f6aad49dbda849efb50\"},\"breadcrumb\":{\"@id\":\"https:\/\/www.ceab.csic.es\/es\/inauguracio-de-lexposicio-especies-invasores-marines-lamenaca-silenciosa\/#breadcrumb\"},\"inLanguage\":\"es\",\"potentialAction\":[{\"@type\":\"ReadAction\",\"target\":[\"https:\/\/www.ceab.csic.es\/es\/inauguracio-de-lexposicio-especies-invasores-marines-lamenaca-silenciosa\/\"]}]},{\"@type\":\"ImageObject\",\"inLanguage\":\"es\",\"@id\":\"https:\/\/www.ceab.csic.es\/es\/inauguracio-de-lexposicio-especies-invasores-marines-lamenaca-silenciosa\/#primaryimage\",\"url\":\"https:\/\/www.ceab.csic.es\/wp-content\/uploads\/2024\/11\/exposicio-ceab-mmb.jpg\",\"contentUrl\":\"https:\/\/www.ceab.csic.es\/wp-content\/uploads\/2024\/11\/exposicio-ceab-mmb.jpg\",\"width\":1600,\"height\":1600},{\"@type\":\"BreadcrumbList\",\"@id\":\"https:\/\/www.ceab.csic.es\/es\/inauguracio-de-lexposicio-especies-invasores-marines-lamenaca-silenciosa\/#breadcrumb\",\"itemListElement\":[{\"@type\":\"ListItem\",\"position\":1,\"name\":\"Inici\",\"item\":\"https:\/\/www.ceab.csic.es\/es\/\"},{\"@type\":\"ListItem\",\"position\":2,\"name\":\"Inauguraci\u00f3n de la exposici\u00f3n \u00abEspecies invasoras marinas. La amenaza silenciosa\u00bb\"}]},{\"@type\":\"WebSite\",\"@id\":\"https:\/\/www.ceab.csic.es\/es\/#website\",\"url\":\"https:\/\/www.ceab.csic.es\/es\/\",\"name\":\"CEAB\",\"description\":\"Centre Estudis Avan\u00e7ats de Blanes\",\"alternateName\":\"CEAB\",\"potentialAction\":[{\"@type\":\"SearchAction\",\"target\":{\"@type\":\"EntryPoint\",\"urlTemplate\":\"https:\/\/www.ceab.csic.es\/es\/?s={search_term_string}\"},\"query-input\":{\"@type\":\"PropertyValueSpecification\",\"valueRequired\":true,\"valueName\":\"search_term_string\"}}],\"inLanguage\":\"es\"},{\"@type\":\"Person\",\"@id\":\"https:\/\/www.ceab.csic.es\/es\/#\/schema\/person\/9e98e5f2473d1f6aad49dbda849efb50\",\"name\":\"Noem\u00ed Guillem\",\"image\":{\"@type\":\"ImageObject\",\"inLanguage\":\"es\",\"@id\":\"https:\/\/www.ceab.csic.es\/es\/#\/schema\/person\/image\/\",\"url\":\"https:\/\/secure.gravatar.com\/avatar\/cab253f6fa7b0ce5e36e74def0a60f62?s=96&d=mm&r=g\",\"contentUrl\":\"https:\/\/secure.gravatar.com\/avatar\/cab253f6fa7b0ce5e36e74def0a60f62?s=96&d=mm&r=g\",\"caption\":\"Noem\u00ed Guillem\"},\"sameAs\":[\"https:\/\/www.ceab.csic.es\/\"]}]}<\/script>\n<!-- \/ Yoast SEO plugin. -->","yoast_head_json":{"title":"Inauguraci\u00f3n de la exposici\u00f3n \u00abEspecies invasoras marinas. La amenaza silenciosa\u00bb | CEAB","robots":{"index":"index","follow":"follow","max-snippet":"max-snippet:-1","max-image-preview":"max-image-preview:large","max-video-preview":"max-video-preview:-1"},"canonical":"https:\/\/www.ceab.csic.es\/es\/inauguracio-de-lexposicio-especies-invasores-marines-lamenaca-silenciosa\/","og_locale":"es_ES","og_type":"article","og_title":"Inauguraci\u00f3n de la exposici\u00f3n \u00abEspecies invasoras marinas. La amenaza silenciosa\u00bb | CEAB","og_description":"Este 21 de noviembre se inaugura la exposici\u00f3n organizada por el Museo Mar\u00edtimo de Barcelona (MMB) y el Centro de Estudios Avanzados de Blanes (CEAB-CSIC). La muestra aborda una de las principales amenazas para la biodiversidad marina del Mediterr\u00e1neo: las especies invasoras. La introducci\u00f3n de especies no nativas en el Mediterr\u00e1neo se ha convertido en&hellip;&nbsp;Inauguraci\u00f3n de la exposici\u00f3n \u00abEspecies invasoras marinas. La amenaza silenciosa\u00bb","og_url":"https:\/\/www.ceab.csic.es\/es\/inauguracio-de-lexposicio-especies-invasores-marines-lamenaca-silenciosa\/","og_site_name":"CEAB","article_published_time":"2024-11-20T07:30:02+00:00","article_modified_time":"2024-11-20T13:42:00+00:00","og_image":[{"width":1600,"height":1600,"url":"https:\/\/www.ceab.csic.es\/wp-content\/uploads\/2024\/11\/exposicio-ceab-mmb.jpg","type":"image\/jpeg"}],"author":"Noem\u00ed Guillem","twitter_card":"summary_large_image","twitter_creator":"@ceabcsic","twitter_site":"@ceabcsic","twitter_misc":{"Escrito por":"Noem\u00ed Guillem","Tiempo de lectura":"4 minutos"},"schema":{"@context":"https:\/\/schema.org","@graph":[{"@type":"WebPage","@id":"https:\/\/www.ceab.csic.es\/es\/inauguracio-de-lexposicio-especies-invasores-marines-lamenaca-silenciosa\/","url":"https:\/\/www.ceab.csic.es\/es\/inauguracio-de-lexposicio-especies-invasores-marines-lamenaca-silenciosa\/","name":"Inauguraci\u00f3n de la exposici\u00f3n \u00abEspecies invasoras marinas. La amenaza silenciosa\u00bb | CEAB","isPartOf":{"@id":"https:\/\/www.ceab.csic.es\/es\/#website"},"primaryImageOfPage":{"@id":"https:\/\/www.ceab.csic.es\/es\/inauguracio-de-lexposicio-especies-invasores-marines-lamenaca-silenciosa\/#primaryimage"},"image":{"@id":"https:\/\/www.ceab.csic.es\/es\/inauguracio-de-lexposicio-especies-invasores-marines-lamenaca-silenciosa\/#primaryimage"},"thumbnailUrl":"https:\/\/www.ceab.csic.es\/wp-content\/uploads\/2024\/11\/exposicio-ceab-mmb.jpg","datePublished":"2024-11-20T07:30:02+00:00","dateModified":"2024-11-20T13:42:00+00:00","author":{"@id":"https:\/\/www.ceab.csic.es\/es\/#\/schema\/person\/9e98e5f2473d1f6aad49dbda849efb50"},"breadcrumb":{"@id":"https:\/\/www.ceab.csic.es\/es\/inauguracio-de-lexposicio-especies-invasores-marines-lamenaca-silenciosa\/#breadcrumb"},"inLanguage":"es","potentialAction":[{"@type":"ReadAction","target":["https:\/\/www.ceab.csic.es\/es\/inauguracio-de-lexposicio-especies-invasores-marines-lamenaca-silenciosa\/"]}]},{"@type":"ImageObject","inLanguage":"es","@id":"https:\/\/www.ceab.csic.es\/es\/inauguracio-de-lexposicio-especies-invasores-marines-lamenaca-silenciosa\/#primaryimage","url":"https:\/\/www.ceab.csic.es\/wp-content\/uploads\/2024\/11\/exposicio-ceab-mmb.jpg","contentUrl":"https:\/\/www.ceab.csic.es\/wp-content\/uploads\/2024\/11\/exposicio-ceab-mmb.jpg","width":1600,"height":1600},{"@type":"BreadcrumbList","@id":"https:\/\/www.ceab.csic.es\/es\/inauguracio-de-lexposicio-especies-invasores-marines-lamenaca-silenciosa\/#breadcrumb","itemListElement":[{"@type":"ListItem","position":1,"name":"Inici","item":"https:\/\/www.ceab.csic.es\/es\/"},{"@type":"ListItem","position":2,"name":"Inauguraci\u00f3n de la exposici\u00f3n \u00abEspecies invasoras marinas. La amenaza silenciosa\u00bb"}]},{"@type":"WebSite","@id":"https:\/\/www.ceab.csic.es\/es\/#website","url":"https:\/\/www.ceab.csic.es\/es\/","name":"CEAB","description":"Centre Estudis Avan\u00e7ats de Blanes","alternateName":"CEAB","potentialAction":[{"@type":"SearchAction","target":{"@type":"EntryPoint","urlTemplate":"https:\/\/www.ceab.csic.es\/es\/?s={search_term_string}"},"query-input":{"@type":"PropertyValueSpecification","valueRequired":true,"valueName":"search_term_string"}}],"inLanguage":"es"},{"@type":"Person","@id":"https:\/\/www.ceab.csic.es\/es\/#\/schema\/person\/9e98e5f2473d1f6aad49dbda849efb50","name":"Noem\u00ed Guillem","image":{"@type":"ImageObject","inLanguage":"es","@id":"https:\/\/www.ceab.csic.es\/es\/#\/schema\/person\/image\/","url":"https:\/\/secure.gravatar.com\/avatar\/cab253f6fa7b0ce5e36e74def0a60f62?s=96&d=mm&r=g","contentUrl":"https:\/\/secure.gravatar.com\/avatar\/cab253f6fa7b0ce5e36e74def0a60f62?s=96&d=mm&r=g","caption":"Noem\u00ed Guillem"},"sameAs":["https:\/\/www.ceab.csic.es\/"]}]}},"_links":{"self":[{"href":"https:\/\/www.ceab.csic.es\/es\/wp-json\/wp\/v2\/posts\/14416","targetHints":{"allow":["GET"]}}],"collection":[{"href":"https:\/\/www.ceab.csic.es\/es\/wp-json\/wp\/v2\/posts"}],"about":[{"href":"https:\/\/www.ceab.csic.es\/es\/wp-json\/wp\/v2\/types\/post"}],"author":[{"embeddable":true,"href":"https:\/\/www.ceab.csic.es\/es\/wp-json\/wp\/v2\/users\/3"}],"replies":[{"embeddable":true,"href":"https:\/\/www.ceab.csic.es\/es\/wp-json\/wp\/v2\/comments?post=14416"}],"version-history":[{"count":3,"href":"https:\/\/www.ceab.csic.es\/es\/wp-json\/wp\/v2\/posts\/14416\/revisions"}],"predecessor-version":[{"id":14420,"href":"https:\/\/www.ceab.csic.es\/es\/wp-json\/wp\/v2\/posts\/14416\/revisions\/14420"}],"wp:featuredmedia":[{"embeddable":true,"href":"https:\/\/www.ceab.csic.es\/es\/wp-json\/wp\/v2\/media\/14414"}],"wp:attachment":[{"href":"https:\/\/www.ceab.csic.es\/es\/wp-json\/wp\/v2\/media?parent=14416"}],"wp:term":[{"taxonomy":"category","embeddable":true,"href":"https:\/\/www.ceab.csic.es\/es\/wp-json\/wp\/v2\/categories?post=14416"},{"taxonomy":"post_tag","embeddable":true,"href":"https:\/\/www.ceab.csic.es\/es\/wp-json\/wp\/v2\/tags?post=14416"}],"curies":[{"name":"wp","href":"https:\/\/api.w.org\/{rel}","templated":true}]}}