{"id":19048,"date":"2026-04-17T10:00:27","date_gmt":"2026-04-17T08:00:27","guid":{"rendered":"https:\/\/www.ceab.csic.es\/?p=19048"},"modified":"2026-04-16T10:12:47","modified_gmt":"2026-04-16T08:12:47","slug":"els-boscos-marins-retrocedeixen-a-les-costes-espanyoles-amb-perdues-de-fins-al-80","status":"publish","type":"post","link":"https:\/\/www.ceab.csic.es\/es\/els-boscos-marins-retrocedeixen-a-les-costes-espanyoles-amb-perdues-de-fins-al-80\/","title":{"rendered":"Los bosques marinos retroceden en las costas espa\u00f1olas con p\u00e9rdidas de hasta el 80%"},"content":{"rendered":"<h4><strong>Equipos cient\u00edficos llaman a la ciudadan\u00eda a colaborar con ellos a trav\u00e9s de la plataforma Observadores del Mar para ampliar el conocimiento sobre estos ecosistemas dominados por algas, clave para su conservaci\u00f3n. La primavera, cuando los bosques marinos alcanzan su m\u00e1ximo desarrollo y son m\u00e1s visibles, es el momento m\u00e1s favorable para contribuir a su estudio.<\/strong><\/h4>\n<p>La <strong><a href=\"https:\/\/www.observadoresdelmar.es\/Projects\/21\">plataforma de ciencia ciudadana Observadores del Mar (CSIC) impulsa el proyecto \u201cBosques marinos\u201d<\/a><\/strong> para conocer el estado de los ecosistemas dominados por algas en las costas noratl\u00e1nticas y mediterr\u00e1neas de Espa\u00f1a.<\/p>\n<p>Estos h\u00e1bitats, <strong>formados por grandes algas estructurales \u2014como las laminariales en el Atl\u00e1ntico y el Cant\u00e1brico o las del g\u00e9nero <em>Cystoseira<\/em> en el Mediterr\u00e1neo<\/strong>\u2014 son aut\u00e9nticos \u201cbosques bajo el agua\u201d que, al igual que los terrestres, ofrecen refugio, alimento y estructura a una gran diversidad de especies. Adem\u00e1s, protegen la costa, capturan carbono, oxigenan el agua y refuerzan la resiliencia de los ecosistemas marinos.<\/p>\n<p>Su futuro, sin embargo, est\u00e1 en riesgo. Las presiones de origen humano, entre ellas el cambio clim\u00e1tico, est\u00e1n alterando su distribuci\u00f3n y conservaci\u00f3n: el aumento de la temperatura del mar desplaza las especies hacia latitudes m\u00e1s fr\u00edas o a mayor profundidad; la contaminaci\u00f3n, la destrucci\u00f3n de h\u00e1bitats, las especies invasoras o la sobrepesca tambi\u00e9n contribuyen a su deterioro e incluso a su p\u00e9rdida.<\/p>\n<p>En las \u00faltimas d\u00e9cadas se ha documentado una <strong>regresi\u00f3n significativa. En el Mediterr\u00e1neo, en los \u00faltimos 50 a\u00f1os se han perdido o degradado hasta el 80% de los bosques de algas. En el noroeste peninsular (litoral noratl\u00e1ntico y cant\u00e1brico), han desaparecido en m\u00e1s de la mitad de las localidades estudiadas en los \u00faltimos 25 a\u00f1os. Estos datos confirman un claro retroceso de los bosques de algas en las costas espa\u00f1olas.<\/strong><\/p>\n<p>Ante este escenario, <strong>Observadores del Mar hace un llamamiento a la ciudadan\u00eda a aportar informaci\u00f3n sobre los bosques marinos de algas<\/strong> que complemente la obtenida por los equipos cient\u00edficos y contribuya a la conservaci\u00f3n y recuperaci\u00f3n de estos ecosistemas. A trav\u00e9s de la plataforma, cualquier persona puede informar sobre su presencia, realizar observaciones puntuales o hacer seguimiento de un mismo \u201cbosque\u201d. La primavera, cuando alcanzan su m\u00e1ximo desarrollo y son m\u00e1s visibles, ofrece una oportunidad especialmente favorable para realizar estas observaciones.<\/p>\n<blockquote><p>\u201c<em>Los bosques marinos son tan importantes como los terrestres: refugios de vida, motores de productividad y aliados esenciales frente al cambio clim\u00e1tico. La implicaci\u00f3n ciudadana es crucial para avanzar en el conocimiento de su distribuci\u00f3n y las amenazas que ponen en peligro su subsistencia<\/em>\u201d, explica <strong>Lara Arroyo, investigadora del Instituto Espa\u00f1ol de Oceanograf\u00eda (IEO-CSIC)<\/strong> y una de las coordinadoras cient\u00edficas del proyecto.<\/p>\n<p>\u201c<em>Las observaciones que aporten buceadores y otras personas que realizan actividades en el mar ser\u00e1n validadas por el personal cient\u00edfico. Estos datos complementar\u00e1n la informaci\u00f3n que obtenemos con nuestros propios equipos y nos permitir\u00e1n disponer de datos m\u00e1s robustos para nuestros trabajos de investigaci\u00f3n, orientados a la conservaci\u00f3n.<\/em>\u201d, a\u00f1ade <strong>S\u00f2nia de Caralt, investigadora del Instituto de Ecolog\u00eda Acu\u00e1tica de la Universidad de Girona (IEA-UdG) y del Centro de Estudios Avanzados de Blanes (CEAB-CSIC)<\/strong> y una de las coordinadoras cient\u00edficas de este proyecto.<\/p><\/blockquote>\n<p><strong><a href=\"https:\/\/www.observadoresdelmar.es\/Projects\/21\">\u201cBosques Marinos\u201d est\u00e1 activo en el portal web de Observadores del Mar<\/a>,<\/strong> donde se pueden consultar los protocolos y empezar a colaborar.<\/p>\n<h4><strong>C\u00f3mo participar en el proyecto \u201cBosques Marinos\u201d<\/strong><\/h4>\n<p>Este 16 de abril se ha celebrado una sesi\u00f3n informativa en l\u00ednea, dirigida especialmente a centros de buceo y a personas que practican actividades en el mar, para explicar c\u00f3mo contribuir al proyecto \u201cBosques marinos\u201d de Observadores del Mar. Durante la sesi\u00f3n se ha explicado qu\u00e9 se entiende por bosques marinos, qu\u00e9 especies de algas los forman, c\u00f3mo identificarlos, sus beneficios y los riesgos que enfrentan, as\u00ed como las distintas formas de participar, incluyendo tanto observaciones puntuales como seguimientos m\u00e1s sistem\u00e1ticos. Las principales indicaciones que se han dado son:<\/p>\n<ul>\n<li>Fotografiarlos indicando siempre la fecha y la localizaci\u00f3n.<\/li>\n<li>Registrar su presencia y caracter\u00edsticas, junto con datos b\u00e1sicos del entorno.<\/li>\n<li>Realizar seguimientos mediante censos y transectos, anotando de forma sistem\u00e1tica la cobertura y el estado de las algas en cada tramo (por ejemplo, cada 25 cm), indicando si hay bosque bien desarrollado, algas de menor tama\u00f1o o roca desnuda, as\u00ed como la presencia de herb\u00edvoros.<\/li>\n<li>Subir todas las observaciones a la plataforma Observadores del Mar, siguiendo los protocolos establecidos.<\/li>\n<\/ul>\n<h4><strong>Sobre el proyecto \u201cBosques Marinos\u201d<\/strong><\/h4>\n<p>\u201cBosques Marinos\u201d est\u00e1 coordinado por investigadoras de la Universidad de Girona (IEA-UdG) y del CEAB-CSIC en el marco del proyecto FECYT \u201cUn mar de bosques\u201d y CAMBIOMED, as\u00ed como por investigadoras del IEO-CSIC, la Universidad del Pa\u00eds Vasco y la Universidad de la Coru\u00f1a.<\/p>\n<h4><strong>Sobre la plataforma Observadores del Mar<\/strong><\/h4>\n<p>Es una plataforma de ciencia ciudadana coordinada por diversos centros de investigaci\u00f3n marina del Consejo Superior de Investigaciones Cient\u00edficas (CSIC): Instituto de Ciencias del Mar (ICM), Instituto Espa\u00f1ol de Oceanograf\u00eda (IEO), Centro de Estudios Avanzados de Blanes (CEAB), Instituto Mediterr\u00e1neo de Estudios Avanzados (IMEDEA), Sistema de Observaci\u00f3n Costera de las Baleares (SOCIB) e Instituto de Investigaciones Marinas (IIM). Adem\u00e1s, es socia del proyecto LIFE INTEMARES, forma parte de OCEAN+ y colabora con la Fundaci\u00f3n Marilles en Baleares y RedPromar en Canarias.<\/p>\n","protected":false},"excerpt":{"rendered":"<p>Equipos cient\u00edficos llaman a la ciudadan\u00eda a colaborar con ellos a trav\u00e9s de la plataforma Observadores del Mar para ampliar el conocimiento sobre estos ecosistemas dominados por algas, clave para su conservaci\u00f3n. La primavera, cuando los bosques marinos alcanzan su m\u00e1ximo desarrollo y son m\u00e1s visibles, es el momento m\u00e1s favorable para contribuir a su&hellip;&nbsp;<a href=\"https:\/\/www.ceab.csic.es\/es\/els-boscos-marins-retrocedeixen-a-les-costes-espanyoles-amb-perdues-de-fins-al-80\/\" rel=\"bookmark\"><span class=\"screen-reader-text\">Los bosques marinos retroceden en las costas espa\u00f1olas con p\u00e9rdidas de hasta el 80%<\/span><\/a><\/p>\n","protected":false},"author":3,"featured_media":19045,"comment_status":"closed","ping_status":"closed","sticky":false,"template":"","format":"standard","meta":{"_acf_changed":false,"neve_meta_sidebar":"","neve_meta_container":"","neve_meta_enable_content_width":"off","neve_meta_content_width":70,"neve_meta_title_alignment":"","neve_meta_author_avatar":"","neve_post_elements_order":"","neve_meta_disable_header":"","neve_meta_disable_footer":"","neve_meta_disable_title":"","footnotes":""},"categories":[467],"tags":[1627,1886,1891,1498,1692,1553,1552,973,1025,1472],"class_list":["post-19048","post","type-post","status-publish","format-standard","has-post-thumbnail","hentry","category-destacadas","tag-atlantico","tag-boscos-marins","tag-bosques-marinos","tag-cambio-climatico-es","tag-ciencia-ciudadana-es","tag-conservacion-es","tag-ecosistemas-litorales","tag-ecosistemas-marinos","tag-mar-mediterraneo","tag-mediterraneo-es"],"acf":[],"yoast_head":"<!-- This site is optimized with the Yoast SEO plugin v24.6 - https:\/\/yoast.com\/wordpress\/plugins\/seo\/ -->\n<title>Los bosques marinos retroceden en las costas espa\u00f1olas con p\u00e9rdidas de hasta el 80% | CEAB<\/title>\n<meta name=\"robots\" content=\"index, follow, max-snippet:-1, max-image-preview:large, max-video-preview:-1\" \/>\n<link rel=\"canonical\" href=\"https:\/\/www.ceab.csic.es\/es\/els-boscos-marins-retrocedeixen-a-les-costes-espanyoles-amb-perdues-de-fins-al-80\/\" \/>\n<meta property=\"og:locale\" content=\"es_ES\" \/>\n<meta property=\"og:type\" content=\"article\" \/>\n<meta property=\"og:title\" content=\"Los bosques marinos retroceden en las costas espa\u00f1olas con p\u00e9rdidas de hasta el 80% | CEAB\" \/>\n<meta property=\"og:description\" content=\"Equipos cient\u00edficos llaman a la ciudadan\u00eda a colaborar con ellos a trav\u00e9s de la plataforma Observadores del Mar para ampliar el conocimiento sobre estos ecosistemas dominados por algas, clave para su conservaci\u00f3n. La primavera, cuando los bosques marinos alcanzan su m\u00e1ximo desarrollo y son m\u00e1s visibles, es el momento m\u00e1s favorable para contribuir a su&hellip;&nbsp;Los bosques marinos retroceden en las costas espa\u00f1olas con p\u00e9rdidas de hasta el 80%\" \/>\n<meta property=\"og:url\" content=\"https:\/\/www.ceab.csic.es\/es\/els-boscos-marins-retrocedeixen-a-les-costes-espanyoles-amb-perdues-de-fins-al-80\/\" \/>\n<meta property=\"og:site_name\" content=\"CEAB\" \/>\n<meta property=\"article:published_time\" content=\"2026-04-17T08:00:27+00:00\" \/>\n<meta property=\"og:image\" content=\"https:\/\/www.ceab.csic.es\/wp-content\/uploads\/2026\/04\/transecto_bosques_marinos_cala_estreta_palamos_creditos_claudia_auladell_ceab.jpg\" \/>\n\t<meta property=\"og:image:width\" content=\"1365\" \/>\n\t<meta property=\"og:image:height\" content=\"1024\" \/>\n\t<meta property=\"og:image:type\" content=\"image\/jpeg\" \/>\n<meta name=\"author\" content=\"Noem\u00ed Guillem\" \/>\n<meta name=\"twitter:card\" content=\"summary_large_image\" \/>\n<meta name=\"twitter:creator\" content=\"@ceabcsic\" \/>\n<meta name=\"twitter:site\" content=\"@ceabcsic\" \/>\n<meta name=\"twitter:label1\" content=\"Escrito por\" \/>\n\t<meta name=\"twitter:data1\" content=\"Noem\u00ed Guillem\" \/>\n\t<meta name=\"twitter:label2\" content=\"Tiempo de lectura\" \/>\n\t<meta name=\"twitter:data2\" content=\"5 minutos\" \/>\n<script type=\"application\/ld+json\" class=\"yoast-schema-graph\">{\"@context\":\"https:\/\/schema.org\",\"@graph\":[{\"@type\":\"WebPage\",\"@id\":\"https:\/\/www.ceab.csic.es\/es\/els-boscos-marins-retrocedeixen-a-les-costes-espanyoles-amb-perdues-de-fins-al-80\/\",\"url\":\"https:\/\/www.ceab.csic.es\/es\/els-boscos-marins-retrocedeixen-a-les-costes-espanyoles-amb-perdues-de-fins-al-80\/\",\"name\":\"Los bosques marinos retroceden en las costas espa\u00f1olas con p\u00e9rdidas de hasta el 80% | CEAB\",\"isPartOf\":{\"@id\":\"https:\/\/www.ceab.csic.es\/es\/#website\"},\"primaryImageOfPage\":{\"@id\":\"https:\/\/www.ceab.csic.es\/es\/els-boscos-marins-retrocedeixen-a-les-costes-espanyoles-amb-perdues-de-fins-al-80\/#primaryimage\"},\"image\":{\"@id\":\"https:\/\/www.ceab.csic.es\/es\/els-boscos-marins-retrocedeixen-a-les-costes-espanyoles-amb-perdues-de-fins-al-80\/#primaryimage\"},\"thumbnailUrl\":\"https:\/\/www.ceab.csic.es\/wp-content\/uploads\/2026\/04\/transecto_bosques_marinos_cala_estreta_palamos_creditos_claudia_auladell_ceab.jpg\",\"datePublished\":\"2026-04-17T08:00:27+00:00\",\"author\":{\"@id\":\"https:\/\/www.ceab.csic.es\/es\/#\/schema\/person\/9e98e5f2473d1f6aad49dbda849efb50\"},\"breadcrumb\":{\"@id\":\"https:\/\/www.ceab.csic.es\/es\/els-boscos-marins-retrocedeixen-a-les-costes-espanyoles-amb-perdues-de-fins-al-80\/#breadcrumb\"},\"inLanguage\":\"es\",\"potentialAction\":[{\"@type\":\"ReadAction\",\"target\":[\"https:\/\/www.ceab.csic.es\/es\/els-boscos-marins-retrocedeixen-a-les-costes-espanyoles-amb-perdues-de-fins-al-80\/\"]}]},{\"@type\":\"ImageObject\",\"inLanguage\":\"es\",\"@id\":\"https:\/\/www.ceab.csic.es\/es\/els-boscos-marins-retrocedeixen-a-les-costes-espanyoles-amb-perdues-de-fins-al-80\/#primaryimage\",\"url\":\"https:\/\/www.ceab.csic.es\/wp-content\/uploads\/2026\/04\/transecto_bosques_marinos_cala_estreta_palamos_creditos_claudia_auladell_ceab.jpg\",\"contentUrl\":\"https:\/\/www.ceab.csic.es\/wp-content\/uploads\/2026\/04\/transecto_bosques_marinos_cala_estreta_palamos_creditos_claudia_auladell_ceab.jpg\",\"width\":1365,\"height\":1024},{\"@type\":\"BreadcrumbList\",\"@id\":\"https:\/\/www.ceab.csic.es\/es\/els-boscos-marins-retrocedeixen-a-les-costes-espanyoles-amb-perdues-de-fins-al-80\/#breadcrumb\",\"itemListElement\":[{\"@type\":\"ListItem\",\"position\":1,\"name\":\"Inici\",\"item\":\"https:\/\/www.ceab.csic.es\/es\/\"},{\"@type\":\"ListItem\",\"position\":2,\"name\":\"Los bosques marinos retroceden en las costas espa\u00f1olas con p\u00e9rdidas de hasta el 80%\"}]},{\"@type\":\"WebSite\",\"@id\":\"https:\/\/www.ceab.csic.es\/es\/#website\",\"url\":\"https:\/\/www.ceab.csic.es\/es\/\",\"name\":\"CEAB\",\"description\":\"Centre Estudis Avan\u00e7ats de Blanes\",\"alternateName\":\"CEAB\",\"potentialAction\":[{\"@type\":\"SearchAction\",\"target\":{\"@type\":\"EntryPoint\",\"urlTemplate\":\"https:\/\/www.ceab.csic.es\/es\/?s={search_term_string}\"},\"query-input\":{\"@type\":\"PropertyValueSpecification\",\"valueRequired\":true,\"valueName\":\"search_term_string\"}}],\"inLanguage\":\"es\"},{\"@type\":\"Person\",\"@id\":\"https:\/\/www.ceab.csic.es\/es\/#\/schema\/person\/9e98e5f2473d1f6aad49dbda849efb50\",\"name\":\"Noem\u00ed Guillem\",\"image\":{\"@type\":\"ImageObject\",\"inLanguage\":\"es\",\"@id\":\"https:\/\/www.ceab.csic.es\/es\/#\/schema\/person\/image\/\",\"url\":\"https:\/\/secure.gravatar.com\/avatar\/cab253f6fa7b0ce5e36e74def0a60f62?s=96&d=mm&r=g\",\"contentUrl\":\"https:\/\/secure.gravatar.com\/avatar\/cab253f6fa7b0ce5e36e74def0a60f62?s=96&d=mm&r=g\",\"caption\":\"Noem\u00ed Guillem\"},\"sameAs\":[\"https:\/\/www.ceab.csic.es\/\"]}]}<\/script>\n<!-- \/ Yoast SEO plugin. -->","yoast_head_json":{"title":"Los bosques marinos retroceden en las costas espa\u00f1olas con p\u00e9rdidas de hasta el 80% | CEAB","robots":{"index":"index","follow":"follow","max-snippet":"max-snippet:-1","max-image-preview":"max-image-preview:large","max-video-preview":"max-video-preview:-1"},"canonical":"https:\/\/www.ceab.csic.es\/es\/els-boscos-marins-retrocedeixen-a-les-costes-espanyoles-amb-perdues-de-fins-al-80\/","og_locale":"es_ES","og_type":"article","og_title":"Los bosques marinos retroceden en las costas espa\u00f1olas con p\u00e9rdidas de hasta el 80% | CEAB","og_description":"Equipos cient\u00edficos llaman a la ciudadan\u00eda a colaborar con ellos a trav\u00e9s de la plataforma Observadores del Mar para ampliar el conocimiento sobre estos ecosistemas dominados por algas, clave para su conservaci\u00f3n. La primavera, cuando los bosques marinos alcanzan su m\u00e1ximo desarrollo y son m\u00e1s visibles, es el momento m\u00e1s favorable para contribuir a su&hellip;&nbsp;Los bosques marinos retroceden en las costas espa\u00f1olas con p\u00e9rdidas de hasta el 80%","og_url":"https:\/\/www.ceab.csic.es\/es\/els-boscos-marins-retrocedeixen-a-les-costes-espanyoles-amb-perdues-de-fins-al-80\/","og_site_name":"CEAB","article_published_time":"2026-04-17T08:00:27+00:00","og_image":[{"width":1365,"height":1024,"url":"https:\/\/www.ceab.csic.es\/wp-content\/uploads\/2026\/04\/transecto_bosques_marinos_cala_estreta_palamos_creditos_claudia_auladell_ceab.jpg","type":"image\/jpeg"}],"author":"Noem\u00ed Guillem","twitter_card":"summary_large_image","twitter_creator":"@ceabcsic","twitter_site":"@ceabcsic","twitter_misc":{"Escrito por":"Noem\u00ed Guillem","Tiempo de lectura":"5 minutos"},"schema":{"@context":"https:\/\/schema.org","@graph":[{"@type":"WebPage","@id":"https:\/\/www.ceab.csic.es\/es\/els-boscos-marins-retrocedeixen-a-les-costes-espanyoles-amb-perdues-de-fins-al-80\/","url":"https:\/\/www.ceab.csic.es\/es\/els-boscos-marins-retrocedeixen-a-les-costes-espanyoles-amb-perdues-de-fins-al-80\/","name":"Los bosques marinos retroceden en las costas espa\u00f1olas con p\u00e9rdidas de hasta el 80% | CEAB","isPartOf":{"@id":"https:\/\/www.ceab.csic.es\/es\/#website"},"primaryImageOfPage":{"@id":"https:\/\/www.ceab.csic.es\/es\/els-boscos-marins-retrocedeixen-a-les-costes-espanyoles-amb-perdues-de-fins-al-80\/#primaryimage"},"image":{"@id":"https:\/\/www.ceab.csic.es\/es\/els-boscos-marins-retrocedeixen-a-les-costes-espanyoles-amb-perdues-de-fins-al-80\/#primaryimage"},"thumbnailUrl":"https:\/\/www.ceab.csic.es\/wp-content\/uploads\/2026\/04\/transecto_bosques_marinos_cala_estreta_palamos_creditos_claudia_auladell_ceab.jpg","datePublished":"2026-04-17T08:00:27+00:00","author":{"@id":"https:\/\/www.ceab.csic.es\/es\/#\/schema\/person\/9e98e5f2473d1f6aad49dbda849efb50"},"breadcrumb":{"@id":"https:\/\/www.ceab.csic.es\/es\/els-boscos-marins-retrocedeixen-a-les-costes-espanyoles-amb-perdues-de-fins-al-80\/#breadcrumb"},"inLanguage":"es","potentialAction":[{"@type":"ReadAction","target":["https:\/\/www.ceab.csic.es\/es\/els-boscos-marins-retrocedeixen-a-les-costes-espanyoles-amb-perdues-de-fins-al-80\/"]}]},{"@type":"ImageObject","inLanguage":"es","@id":"https:\/\/www.ceab.csic.es\/es\/els-boscos-marins-retrocedeixen-a-les-costes-espanyoles-amb-perdues-de-fins-al-80\/#primaryimage","url":"https:\/\/www.ceab.csic.es\/wp-content\/uploads\/2026\/04\/transecto_bosques_marinos_cala_estreta_palamos_creditos_claudia_auladell_ceab.jpg","contentUrl":"https:\/\/www.ceab.csic.es\/wp-content\/uploads\/2026\/04\/transecto_bosques_marinos_cala_estreta_palamos_creditos_claudia_auladell_ceab.jpg","width":1365,"height":1024},{"@type":"BreadcrumbList","@id":"https:\/\/www.ceab.csic.es\/es\/els-boscos-marins-retrocedeixen-a-les-costes-espanyoles-amb-perdues-de-fins-al-80\/#breadcrumb","itemListElement":[{"@type":"ListItem","position":1,"name":"Inici","item":"https:\/\/www.ceab.csic.es\/es\/"},{"@type":"ListItem","position":2,"name":"Los bosques marinos retroceden en las costas espa\u00f1olas con p\u00e9rdidas de hasta el 80%"}]},{"@type":"WebSite","@id":"https:\/\/www.ceab.csic.es\/es\/#website","url":"https:\/\/www.ceab.csic.es\/es\/","name":"CEAB","description":"Centre Estudis Avan\u00e7ats de Blanes","alternateName":"CEAB","potentialAction":[{"@type":"SearchAction","target":{"@type":"EntryPoint","urlTemplate":"https:\/\/www.ceab.csic.es\/es\/?s={search_term_string}"},"query-input":{"@type":"PropertyValueSpecification","valueRequired":true,"valueName":"search_term_string"}}],"inLanguage":"es"},{"@type":"Person","@id":"https:\/\/www.ceab.csic.es\/es\/#\/schema\/person\/9e98e5f2473d1f6aad49dbda849efb50","name":"Noem\u00ed Guillem","image":{"@type":"ImageObject","inLanguage":"es","@id":"https:\/\/www.ceab.csic.es\/es\/#\/schema\/person\/image\/","url":"https:\/\/secure.gravatar.com\/avatar\/cab253f6fa7b0ce5e36e74def0a60f62?s=96&d=mm&r=g","contentUrl":"https:\/\/secure.gravatar.com\/avatar\/cab253f6fa7b0ce5e36e74def0a60f62?s=96&d=mm&r=g","caption":"Noem\u00ed Guillem"},"sameAs":["https:\/\/www.ceab.csic.es\/"]}]}},"_links":{"self":[{"href":"https:\/\/www.ceab.csic.es\/es\/wp-json\/wp\/v2\/posts\/19048","targetHints":{"allow":["GET"]}}],"collection":[{"href":"https:\/\/www.ceab.csic.es\/es\/wp-json\/wp\/v2\/posts"}],"about":[{"href":"https:\/\/www.ceab.csic.es\/es\/wp-json\/wp\/v2\/types\/post"}],"author":[{"embeddable":true,"href":"https:\/\/www.ceab.csic.es\/es\/wp-json\/wp\/v2\/users\/3"}],"replies":[{"embeddable":true,"href":"https:\/\/www.ceab.csic.es\/es\/wp-json\/wp\/v2\/comments?post=19048"}],"version-history":[{"count":3,"href":"https:\/\/www.ceab.csic.es\/es\/wp-json\/wp\/v2\/posts\/19048\/revisions"}],"predecessor-version":[{"id":19052,"href":"https:\/\/www.ceab.csic.es\/es\/wp-json\/wp\/v2\/posts\/19048\/revisions\/19052"}],"wp:featuredmedia":[{"embeddable":true,"href":"https:\/\/www.ceab.csic.es\/es\/wp-json\/wp\/v2\/media\/19045"}],"wp:attachment":[{"href":"https:\/\/www.ceab.csic.es\/es\/wp-json\/wp\/v2\/media?parent=19048"}],"wp:term":[{"taxonomy":"category","embeddable":true,"href":"https:\/\/www.ceab.csic.es\/es\/wp-json\/wp\/v2\/categories?post=19048"},{"taxonomy":"post_tag","embeddable":true,"href":"https:\/\/www.ceab.csic.es\/es\/wp-json\/wp\/v2\/tags?post=19048"}],"curies":[{"name":"wp","href":"https:\/\/api.w.org\/{rel}","templated":true}]}}