{"id":9250,"date":"2021-04-16T08:41:16","date_gmt":"2021-04-16T06:41:16","guid":{"rendered":"https:\/\/www.ceab.csic.es\/hemos-participado-en-el-comite-de-seleccion-del-santander-for-the-seas\/"},"modified":"2021-04-16T08:41:16","modified_gmt":"2021-04-16T06:41:16","slug":"hemos-participado-en-el-comite-de-seleccion-del-santander-for-the-seas","status":"publish","type":"post","link":"https:\/\/www.ceab.csic.es\/es\/hemos-participado-en-el-comite-de-seleccion-del-santander-for-the-seas\/","title":{"rendered":"Hemos participado en el Comit\u00e9 de Selecci\u00f3n del \u00abSantander for the seas\u00bb"},"content":{"rendered":"<p><strong>Emma Cebri\u00e1n<\/strong>, investigadora del <strong><a href=\"https:\/\/www.ceab.csic.es\/es\/\" target=\"_blank\" rel=\"noopener\">Centro de Estudios Avanzados de Blanes<\/a> (CEAB-CSIC)<\/strong>, ha formado parte del Comit\u00e9 de Selecci\u00f3n del <a href=\"https:\/\/www.fundacionbancosantander.com\/es\/medioambiente-e-investigacion\/santander-for-the-seas\"><strong>\u2018Santander for the Seas\u2019<\/strong><\/a>. Esta iniciativa de la <a href=\"https:\/\/noticiasbancarias.com\/bancos\/20\/02\/2021\/fundacion-banco-santander-pone-en-marcha-el-proyecto-santander-for-the-seas\/234900.html\"><strong>Fundaci\u00f3n Banco Santander<\/strong><\/a> tiene un presupuesto de 450.000 euros, dirigidos a financiar proyectos que trabajen en la recuperaci\u00f3n y conservaci\u00f3n de los ecosistemas marinos y especies amenazadas o singulares de mares y oc\u00e9anos, <span class=\"Y2IQFc\" lang=\"es\">poniendo especial atenci\u00f3n en su car\u00e1cter innovador en el desarrollo de sistemas y metodolog\u00edas, y en su apoyo al tercer sector. <\/span><\/p>\n<p><span class=\"Y2IQFc\" lang=\"es\">Este a\u00f1o han recibido estas ayudas los proyectos presentados por <strong><a href=\"https:\/\/www.wwf.es\/\" target=\"_blank\" rel=\"noopener\">WWF Espa\u00f1a<\/a>,<\/strong> <strong><a href=\"https:\/\/cram.org\/ca\/\" target=\"_blank\" rel=\"noopener\">Fundaci\u00f3n CRAM<\/a><\/strong> y <strong><a href=\"https:\/\/www.aponiente.com\/\" target=\"_blank\" rel=\"noopener\">Aponiente.<\/a><\/strong><\/span><\/p>\n<p><img fetchpriority=\"high\" decoding=\"async\" class=\"aligncenter size-full wp-image-50387\" src=\"https:\/\/www.ceab.csic.es\/site\/wp-content\/uploads\/2021\/04\/fundacion-santander-1.png\" alt=\" width=\"980\" height=\"462\" \/><\/p>\n<p id=\"tw-target-text\" class=\"tw-data-text tw-text-large XcVN5d tw-ta\" dir=\"ltr\" data-placeholder=\"Traducci\u00f3n\"><span class=\"Y2IQFc\" lang=\"es\"><strong>&#8216;Santander for the Seas&#8217;<\/strong> aportar\u00e1 150.000 euros a cada una de estas iniciativas. Se pretende que estos tres proyectos escogidos tengan impacto ambiental, y sean replicables, sostenibles en el tiempo, eficientes econ\u00f3micamente, y que integren aspectos sociales y educativos. <\/span><\/p>\n<blockquote>\n<p class=\"tw-data-text tw-text-large XcVN5d tw-ta\" dir=\"ltr\" data-placeholder=\"Traducci\u00f3n\"><span class=\"Y2IQFc\" lang=\"es\">\u00abLa grave situaci\u00f3n que estamos viviendo nos conciencia a\u00fan m\u00e1s de la necesidad de cuidar el entorno en el que vivimos, incrementar la ayuda para la conservaci\u00f3n del gran tesoro de nuestro patrimonio natural, nuestros mares y oc\u00e9anos, donde su calentamiento y p\u00e9rdida de biodiversidad contribuye a la degradaci\u00f3n de nuestro futuro como especie \u00abasegur\u00f3 el director de la Fundaci\u00f3n Banco Santander, <strong>Borja Baselga. <\/strong><\/span><\/p>\n<\/blockquote>\n<p class=\"tw-data-text tw-text-large XcVN5d tw-ta\" dir=\"ltr\" data-placeholder=\"Traducci\u00f3n\"><span class=\"Y2IQFc\" lang=\"es\">La <strong>Fundaci\u00f3n Banco Santander<\/strong> inici\u00f3 &#8216;Santander for the Seas&#8217; con el objetivo de promover la econom\u00eda azul, que engloba actividades como la pesca sostenible, la utilizaci\u00f3n del medio marino para producir energ\u00edas renovables, el turismo responsable o la biotecnolog\u00eda azul. <\/span><\/p>\n<p class=\"tw-data-text tw-text-large XcVN5d tw-ta\" dir=\"ltr\" data-placeholder=\"Traducci\u00f3n\"><span class=\"Y2IQFc\" lang=\"es\">El <strong>Centro de Estudios Avanzados de Blanes<\/strong> celebra que una iniciativa tan importante para la conservaci\u00f3n del medio marino haya contado con una investigadora de nuestro centro para evaluar y conceder estas ayudas.<\/span><\/p>\n","protected":false},"excerpt":{"rendered":"<p>Emma Cebri\u00e1n, investigadora del Centro de Estudios Avanzados de Blanes (CEAB-CSIC), ha formado parte del Comit\u00e9 de Selecci\u00f3n del \u2018Santander for the Seas\u2019. Esta iniciativa de la Fundaci\u00f3n Banco Santander tiene un presupuesto de 450.000 euros, dirigidos a financiar proyectos que trabajen en la recuperaci\u00f3n y conservaci\u00f3n de los ecosistemas marinos y especies amenazadas o&hellip;&nbsp;<a href=\"https:\/\/www.ceab.csic.es\/es\/hemos-participado-en-el-comite-de-seleccion-del-santander-for-the-seas\/\" rel=\"bookmark\"><span class=\"screen-reader-text\">Hemos participado en el Comit\u00e9 de Selecci\u00f3n del \u00abSantander for the seas\u00bb<\/span><\/a><\/p>\n","protected":false},"author":4,"featured_media":8723,"comment_status":"closed","ping_status":"closed","sticky":false,"template":"","format":"standard","meta":{"_acf_changed":false,"neve_meta_sidebar":"","neve_meta_container":"","neve_meta_enable_content_width":"","neve_meta_content_width":0,"neve_meta_title_alignment":"","neve_meta_author_avatar":"","neve_post_elements_order":"","neve_meta_disable_header":"","neve_meta_disable_footer":"","neve_meta_disable_title":"","footnotes":""},"categories":[335],"tags":[78,93,478,135,479],"class_list":["post-9250","post","type-post","status-publish","format-standard","has-post-thumbnail","hentry","category-sin-categorizar","tag-conservacio","tag-ecosistemes-marins","tag-oceans","tag-restauracio","tag-santander-for-the-seas"],"acf":[],"yoast_head":"<!-- This site is optimized with the Yoast SEO plugin v24.6 - https:\/\/yoast.com\/wordpress\/plugins\/seo\/ -->\n<title>Hemos participado en el Comit\u00e9 de Selecci\u00f3n del &quot;Santander for the seas&quot; | CEAB<\/title>\n<meta name=\"robots\" content=\"index, follow, max-snippet:-1, max-image-preview:large, max-video-preview:-1\" \/>\n<link rel=\"canonical\" href=\"https:\/\/www.ceab.csic.es\/es\/hemos-participado-en-el-comite-de-seleccion-del-santander-for-the-seas\/\" \/>\n<meta property=\"og:locale\" content=\"es_ES\" \/>\n<meta property=\"og:type\" content=\"article\" \/>\n<meta property=\"og:title\" content=\"Hemos participado en el Comit\u00e9 de Selecci\u00f3n del &quot;Santander for the seas&quot; | CEAB\" \/>\n<meta property=\"og:description\" content=\"Emma Cebri\u00e1n, investigadora del Centro de Estudios Avanzados de Blanes (CEAB-CSIC), ha formado parte del Comit\u00e9 de Selecci\u00f3n del \u2018Santander for the Seas\u2019. Esta iniciativa de la Fundaci\u00f3n Banco Santander tiene un presupuesto de 450.000 euros, dirigidos a financiar proyectos que trabajen en la recuperaci\u00f3n y conservaci\u00f3n de los ecosistemas marinos y especies amenazadas o&hellip;&nbsp;Hemos participado en el Comit\u00e9 de Selecci\u00f3n del \u00abSantander for the seas\u00bb\" \/>\n<meta property=\"og:url\" content=\"https:\/\/www.ceab.csic.es\/es\/hemos-participado-en-el-comite-de-seleccion-del-santander-for-the-seas\/\" \/>\n<meta property=\"og:site_name\" content=\"CEAB\" \/>\n<meta property=\"article:published_time\" content=\"2021-04-16T06:41:16+00:00\" \/>\n<meta property=\"og:image\" content=\"https:\/\/www.ceab.csic.es\/wp-content\/uploads\/2024\/04\/oceano.jpg\" \/>\n\t<meta property=\"og:image:width\" content=\"750\" \/>\n\t<meta property=\"og:image:height\" content=\"440\" \/>\n\t<meta property=\"og:image:type\" content=\"image\/jpeg\" \/>\n<meta name=\"author\" content=\"Marta Mora\" \/>\n<meta name=\"twitter:card\" content=\"summary_large_image\" \/>\n<meta name=\"twitter:creator\" content=\"@ceabcsic\" \/>\n<meta name=\"twitter:site\" content=\"@ceabcsic\" \/>\n<meta name=\"twitter:label1\" content=\"Escrito por\" \/>\n\t<meta name=\"twitter:data1\" content=\"Marta Mora\" \/>\n\t<meta name=\"twitter:label2\" content=\"Tiempo de lectura\" \/>\n\t<meta name=\"twitter:data2\" content=\"1 minuto\" \/>\n<script type=\"application\/ld+json\" class=\"yoast-schema-graph\">{\"@context\":\"https:\/\/schema.org\",\"@graph\":[{\"@type\":\"WebPage\",\"@id\":\"https:\/\/www.ceab.csic.es\/es\/hemos-participado-en-el-comite-de-seleccion-del-santander-for-the-seas\/\",\"url\":\"https:\/\/www.ceab.csic.es\/es\/hemos-participado-en-el-comite-de-seleccion-del-santander-for-the-seas\/\",\"name\":\"Hemos participado en el Comit\u00e9 de Selecci\u00f3n del \\\"Santander for the seas\\\" | CEAB\",\"isPartOf\":{\"@id\":\"https:\/\/www.ceab.csic.es\/es\/#website\"},\"primaryImageOfPage\":{\"@id\":\"https:\/\/www.ceab.csic.es\/es\/hemos-participado-en-el-comite-de-seleccion-del-santander-for-the-seas\/#primaryimage\"},\"image\":{\"@id\":\"https:\/\/www.ceab.csic.es\/es\/hemos-participado-en-el-comite-de-seleccion-del-santander-for-the-seas\/#primaryimage\"},\"thumbnailUrl\":\"https:\/\/www.ceab.csic.es\/wp-content\/uploads\/2024\/04\/oceano.jpg\",\"datePublished\":\"2021-04-16T06:41:16+00:00\",\"author\":{\"@id\":\"https:\/\/www.ceab.csic.es\/es\/#\/schema\/person\/845845b9248f47781893a0fc9e221990\"},\"breadcrumb\":{\"@id\":\"https:\/\/www.ceab.csic.es\/es\/hemos-participado-en-el-comite-de-seleccion-del-santander-for-the-seas\/#breadcrumb\"},\"inLanguage\":\"es\",\"potentialAction\":[{\"@type\":\"ReadAction\",\"target\":[\"https:\/\/www.ceab.csic.es\/es\/hemos-participado-en-el-comite-de-seleccion-del-santander-for-the-seas\/\"]}]},{\"@type\":\"ImageObject\",\"inLanguage\":\"es\",\"@id\":\"https:\/\/www.ceab.csic.es\/es\/hemos-participado-en-el-comite-de-seleccion-del-santander-for-the-seas\/#primaryimage\",\"url\":\"https:\/\/www.ceab.csic.es\/wp-content\/uploads\/2024\/04\/oceano.jpg\",\"contentUrl\":\"https:\/\/www.ceab.csic.es\/wp-content\/uploads\/2024\/04\/oceano.jpg\",\"width\":750,\"height\":440},{\"@type\":\"BreadcrumbList\",\"@id\":\"https:\/\/www.ceab.csic.es\/es\/hemos-participado-en-el-comite-de-seleccion-del-santander-for-the-seas\/#breadcrumb\",\"itemListElement\":[{\"@type\":\"ListItem\",\"position\":1,\"name\":\"Inici\",\"item\":\"https:\/\/www.ceab.csic.es\/es\/\"},{\"@type\":\"ListItem\",\"position\":2,\"name\":\"Hemos participado en el Comit\u00e9 de Selecci\u00f3n del &#8220;Santander for the seas&#8221;\"}]},{\"@type\":\"WebSite\",\"@id\":\"https:\/\/www.ceab.csic.es\/es\/#website\",\"url\":\"https:\/\/www.ceab.csic.es\/es\/\",\"name\":\"CEAB\",\"description\":\"Centre Estudis Avan\u00e7ats de Blanes\",\"alternateName\":\"CEAB\",\"potentialAction\":[{\"@type\":\"SearchAction\",\"target\":{\"@type\":\"EntryPoint\",\"urlTemplate\":\"https:\/\/www.ceab.csic.es\/es\/?s={search_term_string}\"},\"query-input\":{\"@type\":\"PropertyValueSpecification\",\"valueRequired\":true,\"valueName\":\"search_term_string\"}}],\"inLanguage\":\"es\"},{\"@type\":\"Person\",\"@id\":\"https:\/\/www.ceab.csic.es\/es\/#\/schema\/person\/845845b9248f47781893a0fc9e221990\",\"name\":\"Marta Mora\",\"image\":{\"@type\":\"ImageObject\",\"inLanguage\":\"es\",\"@id\":\"https:\/\/www.ceab.csic.es\/es\/#\/schema\/person\/image\/\",\"url\":\"https:\/\/secure.gravatar.com\/avatar\/7d494bb8306b3f696f20fc42d6d8cac9?s=96&d=mm&r=g\",\"contentUrl\":\"https:\/\/secure.gravatar.com\/avatar\/7d494bb8306b3f696f20fc42d6d8cac9?s=96&d=mm&r=g\",\"caption\":\"Marta Mora\"},\"sameAs\":[\"https:\/\/www.ceab.csic.es\/\"]}]}<\/script>\n<!-- \/ Yoast SEO plugin. -->","yoast_head_json":{"title":"Hemos participado en el Comit\u00e9 de Selecci\u00f3n del \"Santander for the seas\" | CEAB","robots":{"index":"index","follow":"follow","max-snippet":"max-snippet:-1","max-image-preview":"max-image-preview:large","max-video-preview":"max-video-preview:-1"},"canonical":"https:\/\/www.ceab.csic.es\/es\/hemos-participado-en-el-comite-de-seleccion-del-santander-for-the-seas\/","og_locale":"es_ES","og_type":"article","og_title":"Hemos participado en el Comit\u00e9 de Selecci\u00f3n del \"Santander for the seas\" | CEAB","og_description":"Emma Cebri\u00e1n, investigadora del Centro de Estudios Avanzados de Blanes (CEAB-CSIC), ha formado parte del Comit\u00e9 de Selecci\u00f3n del \u2018Santander for the Seas\u2019. Esta iniciativa de la Fundaci\u00f3n Banco Santander tiene un presupuesto de 450.000 euros, dirigidos a financiar proyectos que trabajen en la recuperaci\u00f3n y conservaci\u00f3n de los ecosistemas marinos y especies amenazadas o&hellip;&nbsp;Hemos participado en el Comit\u00e9 de Selecci\u00f3n del \u00abSantander for the seas\u00bb","og_url":"https:\/\/www.ceab.csic.es\/es\/hemos-participado-en-el-comite-de-seleccion-del-santander-for-the-seas\/","og_site_name":"CEAB","article_published_time":"2021-04-16T06:41:16+00:00","og_image":[{"width":750,"height":440,"url":"https:\/\/www.ceab.csic.es\/wp-content\/uploads\/2024\/04\/oceano.jpg","type":"image\/jpeg"}],"author":"Marta Mora","twitter_card":"summary_large_image","twitter_creator":"@ceabcsic","twitter_site":"@ceabcsic","twitter_misc":{"Escrito por":"Marta Mora","Tiempo de lectura":"1 minuto"},"schema":{"@context":"https:\/\/schema.org","@graph":[{"@type":"WebPage","@id":"https:\/\/www.ceab.csic.es\/es\/hemos-participado-en-el-comite-de-seleccion-del-santander-for-the-seas\/","url":"https:\/\/www.ceab.csic.es\/es\/hemos-participado-en-el-comite-de-seleccion-del-santander-for-the-seas\/","name":"Hemos participado en el Comit\u00e9 de Selecci\u00f3n del \"Santander for the seas\" | CEAB","isPartOf":{"@id":"https:\/\/www.ceab.csic.es\/es\/#website"},"primaryImageOfPage":{"@id":"https:\/\/www.ceab.csic.es\/es\/hemos-participado-en-el-comite-de-seleccion-del-santander-for-the-seas\/#primaryimage"},"image":{"@id":"https:\/\/www.ceab.csic.es\/es\/hemos-participado-en-el-comite-de-seleccion-del-santander-for-the-seas\/#primaryimage"},"thumbnailUrl":"https:\/\/www.ceab.csic.es\/wp-content\/uploads\/2024\/04\/oceano.jpg","datePublished":"2021-04-16T06:41:16+00:00","author":{"@id":"https:\/\/www.ceab.csic.es\/es\/#\/schema\/person\/845845b9248f47781893a0fc9e221990"},"breadcrumb":{"@id":"https:\/\/www.ceab.csic.es\/es\/hemos-participado-en-el-comite-de-seleccion-del-santander-for-the-seas\/#breadcrumb"},"inLanguage":"es","potentialAction":[{"@type":"ReadAction","target":["https:\/\/www.ceab.csic.es\/es\/hemos-participado-en-el-comite-de-seleccion-del-santander-for-the-seas\/"]}]},{"@type":"ImageObject","inLanguage":"es","@id":"https:\/\/www.ceab.csic.es\/es\/hemos-participado-en-el-comite-de-seleccion-del-santander-for-the-seas\/#primaryimage","url":"https:\/\/www.ceab.csic.es\/wp-content\/uploads\/2024\/04\/oceano.jpg","contentUrl":"https:\/\/www.ceab.csic.es\/wp-content\/uploads\/2024\/04\/oceano.jpg","width":750,"height":440},{"@type":"BreadcrumbList","@id":"https:\/\/www.ceab.csic.es\/es\/hemos-participado-en-el-comite-de-seleccion-del-santander-for-the-seas\/#breadcrumb","itemListElement":[{"@type":"ListItem","position":1,"name":"Inici","item":"https:\/\/www.ceab.csic.es\/es\/"},{"@type":"ListItem","position":2,"name":"Hemos participado en el Comit\u00e9 de Selecci\u00f3n del &#8220;Santander for the seas&#8221;"}]},{"@type":"WebSite","@id":"https:\/\/www.ceab.csic.es\/es\/#website","url":"https:\/\/www.ceab.csic.es\/es\/","name":"CEAB","description":"Centre Estudis Avan\u00e7ats de Blanes","alternateName":"CEAB","potentialAction":[{"@type":"SearchAction","target":{"@type":"EntryPoint","urlTemplate":"https:\/\/www.ceab.csic.es\/es\/?s={search_term_string}"},"query-input":{"@type":"PropertyValueSpecification","valueRequired":true,"valueName":"search_term_string"}}],"inLanguage":"es"},{"@type":"Person","@id":"https:\/\/www.ceab.csic.es\/es\/#\/schema\/person\/845845b9248f47781893a0fc9e221990","name":"Marta Mora","image":{"@type":"ImageObject","inLanguage":"es","@id":"https:\/\/www.ceab.csic.es\/es\/#\/schema\/person\/image\/","url":"https:\/\/secure.gravatar.com\/avatar\/7d494bb8306b3f696f20fc42d6d8cac9?s=96&d=mm&r=g","contentUrl":"https:\/\/secure.gravatar.com\/avatar\/7d494bb8306b3f696f20fc42d6d8cac9?s=96&d=mm&r=g","caption":"Marta Mora"},"sameAs":["https:\/\/www.ceab.csic.es\/"]}]}},"_links":{"self":[{"href":"https:\/\/www.ceab.csic.es\/es\/wp-json\/wp\/v2\/posts\/9250","targetHints":{"allow":["GET"]}}],"collection":[{"href":"https:\/\/www.ceab.csic.es\/es\/wp-json\/wp\/v2\/posts"}],"about":[{"href":"https:\/\/www.ceab.csic.es\/es\/wp-json\/wp\/v2\/types\/post"}],"author":[{"embeddable":true,"href":"https:\/\/www.ceab.csic.es\/es\/wp-json\/wp\/v2\/users\/4"}],"replies":[{"embeddable":true,"href":"https:\/\/www.ceab.csic.es\/es\/wp-json\/wp\/v2\/comments?post=9250"}],"version-history":[{"count":0,"href":"https:\/\/www.ceab.csic.es\/es\/wp-json\/wp\/v2\/posts\/9250\/revisions"}],"wp:featuredmedia":[{"embeddable":true,"href":"https:\/\/www.ceab.csic.es\/es\/wp-json\/wp\/v2\/media\/8723"}],"wp:attachment":[{"href":"https:\/\/www.ceab.csic.es\/es\/wp-json\/wp\/v2\/media?parent=9250"}],"wp:term":[{"taxonomy":"category","embeddable":true,"href":"https:\/\/www.ceab.csic.es\/es\/wp-json\/wp\/v2\/categories?post=9250"},{"taxonomy":"post_tag","embeddable":true,"href":"https:\/\/www.ceab.csic.es\/es\/wp-json\/wp\/v2\/tags?post=9250"}],"curies":[{"name":"wp","href":"https:\/\/api.w.org\/{rel}","templated":true}]}}