{"id":9275,"date":"2021-09-15T07:00:23","date_gmt":"2021-09-15T05:00:23","guid":{"rendered":"https:\/\/www.ceab.csic.es\/el-dr-rafa-sarda-participa-en-un-debate-sobre-el-parque-eolico-marino-tramuntana\/"},"modified":"2021-09-15T07:00:23","modified_gmt":"2021-09-15T05:00:23","slug":"el-dr-rafa-sarda-participa-en-un-debate-sobre-el-parque-eolico-marino-tramuntana","status":"publish","type":"post","link":"https:\/\/www.ceab.csic.es\/es\/el-dr-rafa-sarda-participa-en-un-debate-sobre-el-parque-eolico-marino-tramuntana\/","title":{"rendered":"El Dr. Rafa Sard\u00e1 participa en un debate sobre el parque e\u00f3lico marino Tramuntana"},"content":{"rendered":"<p id=\"tw-target-text\" class=\"tw-data-text tw-text-large XcVN5d tw-ta\" dir=\"ltr\" data-placeholder=\"Traducci\u00f3n\"><span class=\"Y2IQFc\" lang=\"es\">El pr\u00f3ximo jueves d\u00eda 16 de septiembre el <strong>Dr. Rafael Sard\u00e0<\/strong> investigador del <a href=\"https:\/\/www.ceab.csic.es\/es\/\" target=\"_blank\" rel=\"noopener\">Centro de Estudios Avanzados de Blanes<\/a> (CEAB-CSIC) participar\u00e1 en una mesa redonda en relaci\u00f3n con el Parque e\u00f3lico marino Tramuntana. La mesa redonda est\u00e1 organizada por la <a href=\"https:\/\/ecologia.ateneubcn.cat\/\" target=\"_blank\" rel=\"noopener\">Secci\u00f3n de Ecolog\u00eda del Ateneu Barcelon\u00e8s<\/a> y permitir\u00e1 dar voz a las diferentes partes implicadas del proyecto. <\/span><\/p>\n<p class=\"tw-data-text tw-text-large XcVN5d tw-ta\" dir=\"ltr\" data-placeholder=\"Traducci\u00f3n\"><span class=\"Y2IQFc\" lang=\"es\">Con el cierre de los tres reactores nucleares en 2035 (el \u00faltimo ser\u00e1 Vandell\u00f3s II) Catalu\u00f1a perder\u00e1 el 54% de la producci\u00f3n el\u00e9ctrica. La e\u00f3lica y la fotovoltaica representan actualmente menos de un 7% de esta producci\u00f3n. La <a href=\"https:\/\/canviclimatic.gencat.cat\/ca\/ambits\/Llei_canvi_climatic\/\" target=\"_blank\" rel=\"noopener\">Ley del Cambio Clim\u00e1tico<\/a> del 1 de agosto de 2017 obliga a que en 2030 el 50% de la electricidad que consumimos venga de fuentes renovables y el 100% en 2050. Para cumplir este objetivo, inevitable para descarbonizar nuestra econom\u00eda, y sustituir los 3.000 MW nucleares, necesitamos instalar cada a\u00f1o 600 MW de solar fotovoltaica y 400 MW de e\u00f3lica durante una d\u00e9cada de manera ininterrumpida. <\/span><\/p>\n<p class=\"tw-data-text tw-text-large XcVN5d tw-ta\" dir=\"ltr\" data-placeholder=\"Traducci\u00f3n\"><span class=\"Y2IQFc\" lang=\"es\">La propuesta del <a href=\"https:\/\/www.group.sener\/es\" target=\"_blank\" rel=\"noopener\">grupo de ingenier\u00eda Sener<\/a>, asociado con el desarrollador internacional <a href=\"https:\/\/www.bluefloat.com\/\" target=\"_blank\" rel=\"noopener\">Blue Float<\/a> de construir en aguas territoriales espa\u00f1olas, entre el cabo de Creus y la bah\u00eda de Roses, el parque e\u00f3lico marino Tramuntana, podr\u00eda significar sacar a Catalunya de la cola de las renovables de todas las CC.AA. y resolver el 45% del consumo de electricidad de las comarcas de Girona en una primera fase de 500 MW.<\/span><\/p>\n<p class=\"tw-data-text tw-text-large XcVN5d tw-ta\" dir=\"ltr\" data-placeholder=\"Traducci\u00f3n\"><span class=\"Y2IQFc\" lang=\"es\">Los promotores del proyecto han declarado su voluntad de concertarlo con el territorio, los cient\u00edficos que conocen la zona y los grupos ambientalistas. Hablan de crear un hub industrial basado en impulsar las energ\u00edas renovables en Girona, que sigue con una nula aportaci\u00f3n de energ\u00edas del sol, especialmente en la Costa Brava. Tambi\u00e9n manifiestan la voluntad de hacer participar a los municipios afectados en el proyecto (cooperativas, crowdfunding, comunidades locales de energ\u00eda, administraci\u00f3n p\u00fablica) y bonificaci\u00f3n de tarifas 100% para colectivos vulnerables. <\/span><\/p>\n<p class=\"tw-data-text tw-text-large XcVN5d tw-ta\" dir=\"ltr\" data-placeholder=\"Traducci\u00f3n\"><span class=\"Y2IQFc\" lang=\"es\">Sectores cient\u00edficos, sin embargo, se han manifestado cr\u00edticos esperando que se presente un estudio detallado del impacto ambiental sobre la flora y fauna, sobre las corrientes marinas y los efectos sobre la aportaci\u00f3n de sedimentos provenientes de la desembocadura del R\u00f3dano. Grupos ambientalistas y sectores tur\u00edstico consideran que el parque- situado a 24 kil\u00f3metros del litoral- provocar\u00e1 un impacto paisaj\u00edstico (35 aerogeneradores flotantes con turbinas de 118 metros de radio y 258 metros de altura). <\/span><\/p>\n<p class=\"tw-data-text tw-text-large XcVN5d tw-ta\" dir=\"ltr\" data-placeholder=\"Traducci\u00f3n\"><span class=\"Y2IQFc\" lang=\"es\">El acto, presentado y moderado por el ponente <a href=\"https:\/\/www.ateneubcn.org\/santiago-vilanova\" target=\"_blank\" rel=\"noopener\">Santiago Vilanova<\/a>, se ha programado para el <strong>16 de septiembre a las 18.30 h, en la sala de actos Oriol Bohigas<\/strong> de la entidad. La entrada presencial ser\u00e1 libre.<\/span><\/p>\n<hr \/>\n<p>Noticia v\u00eda: <a href=\"https:\/\/ecologia.ateneubcn.cat\/2021\/07\/09\/el-parc-eolic-mari-tramuntana-a-debat\/\" target=\"_blank\" rel=\"noopener\">Secci\u00f3 d&#8217;Ecologia i Recursos naturals del Ateneu de Barcelona.\u00a0<\/a><\/p>\n","protected":false},"excerpt":{"rendered":"<p>El pr\u00f3ximo jueves d\u00eda 16 de septiembre el Dr. Rafael Sard\u00e0 investigador del Centro de Estudios Avanzados de Blanes (CEAB-CSIC) participar\u00e1 en una mesa redonda en relaci\u00f3n con el Parque e\u00f3lico marino Tramuntana. La mesa redonda est\u00e1 organizada por la Secci\u00f3n de Ecolog\u00eda del Ateneu Barcelon\u00e8s y permitir\u00e1 dar voz a las diferentes partes implicadas&hellip;&nbsp;<a href=\"https:\/\/www.ceab.csic.es\/es\/el-dr-rafa-sarda-participa-en-un-debate-sobre-el-parque-eolico-marino-tramuntana\/\" rel=\"bookmark\"><span class=\"screen-reader-text\">El Dr. Rafa Sard\u00e1 participa en un debate sobre el parque e\u00f3lico marino Tramuntana<\/span><\/a><\/p>\n","protected":false},"author":4,"featured_media":8795,"comment_status":"closed","ping_status":"closed","sticky":false,"template":"","format":"standard","meta":{"_acf_changed":false,"neve_meta_sidebar":"","neve_meta_container":"","neve_meta_enable_content_width":"","neve_meta_content_width":0,"neve_meta_title_alignment":"","neve_meta_author_avatar":"","neve_post_elements_order":"","neve_meta_disable_header":"","neve_meta_disable_footer":"","neve_meta_disable_title":"","footnotes":""},"categories":[335],"tags":[534,991,535,536,962,537],"class_list":["post-9275","post","type-post","status-publish","format-standard","has-post-thumbnail","hentry","category-sin-categorizar","tag-economia","tag-energia-renovable","tag-energia-renovables","tag-impacte-ambiental","tag-impacto-ambiental","tag-parc-eolic-tramuntana"],"acf":[],"yoast_head":"<!-- This site is optimized with the Yoast SEO plugin v24.6 - https:\/\/yoast.com\/wordpress\/plugins\/seo\/ -->\n<title>El Dr. Rafa Sard\u00e1 participa en un debate sobre el parque e\u00f3lico marino Tramuntana | CEAB<\/title>\n<meta name=\"robots\" content=\"index, follow, max-snippet:-1, max-image-preview:large, max-video-preview:-1\" \/>\n<link rel=\"canonical\" href=\"https:\/\/www.ceab.csic.es\/es\/el-dr-rafa-sarda-participa-en-un-debate-sobre-el-parque-eolico-marino-tramuntana\/\" \/>\n<meta property=\"og:locale\" content=\"es_ES\" \/>\n<meta property=\"og:type\" content=\"article\" \/>\n<meta property=\"og:title\" content=\"El Dr. Rafa Sard\u00e1 participa en un debate sobre el parque e\u00f3lico marino Tramuntana | CEAB\" \/>\n<meta property=\"og:description\" content=\"El pr\u00f3ximo jueves d\u00eda 16 de septiembre el Dr. Rafael Sard\u00e0 investigador del Centro de Estudios Avanzados de Blanes (CEAB-CSIC) participar\u00e1 en una mesa redonda en relaci\u00f3n con el Parque e\u00f3lico marino Tramuntana. La mesa redonda est\u00e1 organizada por la Secci\u00f3n de Ecolog\u00eda del Ateneu Barcelon\u00e8s y permitir\u00e1 dar voz a las diferentes partes implicadas&hellip;&nbsp;El Dr. Rafa Sard\u00e1 participa en un debate sobre el parque e\u00f3lico marino Tramuntana\" \/>\n<meta property=\"og:url\" content=\"https:\/\/www.ceab.csic.es\/es\/el-dr-rafa-sarda-participa-en-un-debate-sobre-el-parque-eolico-marino-tramuntana\/\" \/>\n<meta property=\"og:site_name\" content=\"CEAB\" \/>\n<meta property=\"article:published_time\" content=\"2021-09-15T05:00:23+00:00\" \/>\n<meta property=\"og:image\" content=\"https:\/\/www.ceab.csic.es\/wp-content\/uploads\/2024\/04\/parc-eolic-a-roses-1024x453-1.jpg\" \/>\n\t<meta property=\"og:image:width\" content=\"1024\" \/>\n\t<meta property=\"og:image:height\" content=\"453\" \/>\n\t<meta property=\"og:image:type\" content=\"image\/jpeg\" \/>\n<meta name=\"author\" content=\"Marta Mora\" \/>\n<meta name=\"twitter:card\" content=\"summary_large_image\" \/>\n<meta name=\"twitter:creator\" content=\"@ceabcsic\" \/>\n<meta name=\"twitter:site\" content=\"@ceabcsic\" \/>\n<meta name=\"twitter:label1\" content=\"Escrito por\" \/>\n\t<meta name=\"twitter:data1\" content=\"Marta Mora\" \/>\n\t<meta name=\"twitter:label2\" content=\"Tiempo de lectura\" \/>\n\t<meta name=\"twitter:data2\" content=\"2 minutos\" \/>\n<script type=\"application\/ld+json\" class=\"yoast-schema-graph\">{\"@context\":\"https:\/\/schema.org\",\"@graph\":[{\"@type\":\"WebPage\",\"@id\":\"https:\/\/www.ceab.csic.es\/es\/el-dr-rafa-sarda-participa-en-un-debate-sobre-el-parque-eolico-marino-tramuntana\/\",\"url\":\"https:\/\/www.ceab.csic.es\/es\/el-dr-rafa-sarda-participa-en-un-debate-sobre-el-parque-eolico-marino-tramuntana\/\",\"name\":\"El Dr. Rafa Sard\u00e1 participa en un debate sobre el parque e\u00f3lico marino Tramuntana | CEAB\",\"isPartOf\":{\"@id\":\"https:\/\/www.ceab.csic.es\/es\/#website\"},\"primaryImageOfPage\":{\"@id\":\"https:\/\/www.ceab.csic.es\/es\/el-dr-rafa-sarda-participa-en-un-debate-sobre-el-parque-eolico-marino-tramuntana\/#primaryimage\"},\"image\":{\"@id\":\"https:\/\/www.ceab.csic.es\/es\/el-dr-rafa-sarda-participa-en-un-debate-sobre-el-parque-eolico-marino-tramuntana\/#primaryimage\"},\"thumbnailUrl\":\"https:\/\/www.ceab.csic.es\/wp-content\/uploads\/2024\/04\/parc-eolic-a-roses-1024x453-1.jpg\",\"datePublished\":\"2021-09-15T05:00:23+00:00\",\"author\":{\"@id\":\"https:\/\/www.ceab.csic.es\/es\/#\/schema\/person\/845845b9248f47781893a0fc9e221990\"},\"breadcrumb\":{\"@id\":\"https:\/\/www.ceab.csic.es\/es\/el-dr-rafa-sarda-participa-en-un-debate-sobre-el-parque-eolico-marino-tramuntana\/#breadcrumb\"},\"inLanguage\":\"es\",\"potentialAction\":[{\"@type\":\"ReadAction\",\"target\":[\"https:\/\/www.ceab.csic.es\/es\/el-dr-rafa-sarda-participa-en-un-debate-sobre-el-parque-eolico-marino-tramuntana\/\"]}]},{\"@type\":\"ImageObject\",\"inLanguage\":\"es\",\"@id\":\"https:\/\/www.ceab.csic.es\/es\/el-dr-rafa-sarda-participa-en-un-debate-sobre-el-parque-eolico-marino-tramuntana\/#primaryimage\",\"url\":\"https:\/\/www.ceab.csic.es\/wp-content\/uploads\/2024\/04\/parc-eolic-a-roses-1024x453-1.jpg\",\"contentUrl\":\"https:\/\/www.ceab.csic.es\/wp-content\/uploads\/2024\/04\/parc-eolic-a-roses-1024x453-1.jpg\",\"width\":1024,\"height\":453},{\"@type\":\"BreadcrumbList\",\"@id\":\"https:\/\/www.ceab.csic.es\/es\/el-dr-rafa-sarda-participa-en-un-debate-sobre-el-parque-eolico-marino-tramuntana\/#breadcrumb\",\"itemListElement\":[{\"@type\":\"ListItem\",\"position\":1,\"name\":\"Inici\",\"item\":\"https:\/\/www.ceab.csic.es\/es\/\"},{\"@type\":\"ListItem\",\"position\":2,\"name\":\"El Dr. Rafa Sard\u00e1 participa en un debate sobre el parque e\u00f3lico marino Tramuntana\"}]},{\"@type\":\"WebSite\",\"@id\":\"https:\/\/www.ceab.csic.es\/es\/#website\",\"url\":\"https:\/\/www.ceab.csic.es\/es\/\",\"name\":\"CEAB\",\"description\":\"Centre Estudis Avan\u00e7ats de Blanes\",\"alternateName\":\"CEAB\",\"potentialAction\":[{\"@type\":\"SearchAction\",\"target\":{\"@type\":\"EntryPoint\",\"urlTemplate\":\"https:\/\/www.ceab.csic.es\/es\/?s={search_term_string}\"},\"query-input\":{\"@type\":\"PropertyValueSpecification\",\"valueRequired\":true,\"valueName\":\"search_term_string\"}}],\"inLanguage\":\"es\"},{\"@type\":\"Person\",\"@id\":\"https:\/\/www.ceab.csic.es\/es\/#\/schema\/person\/845845b9248f47781893a0fc9e221990\",\"name\":\"Marta Mora\",\"image\":{\"@type\":\"ImageObject\",\"inLanguage\":\"es\",\"@id\":\"https:\/\/www.ceab.csic.es\/es\/#\/schema\/person\/image\/\",\"url\":\"https:\/\/secure.gravatar.com\/avatar\/7d494bb8306b3f696f20fc42d6d8cac9?s=96&d=mm&r=g\",\"contentUrl\":\"https:\/\/secure.gravatar.com\/avatar\/7d494bb8306b3f696f20fc42d6d8cac9?s=96&d=mm&r=g\",\"caption\":\"Marta Mora\"},\"sameAs\":[\"https:\/\/www.ceab.csic.es\/\"]}]}<\/script>\n<!-- \/ Yoast SEO plugin. -->","yoast_head_json":{"title":"El Dr. Rafa Sard\u00e1 participa en un debate sobre el parque e\u00f3lico marino Tramuntana | CEAB","robots":{"index":"index","follow":"follow","max-snippet":"max-snippet:-1","max-image-preview":"max-image-preview:large","max-video-preview":"max-video-preview:-1"},"canonical":"https:\/\/www.ceab.csic.es\/es\/el-dr-rafa-sarda-participa-en-un-debate-sobre-el-parque-eolico-marino-tramuntana\/","og_locale":"es_ES","og_type":"article","og_title":"El Dr. Rafa Sard\u00e1 participa en un debate sobre el parque e\u00f3lico marino Tramuntana | CEAB","og_description":"El pr\u00f3ximo jueves d\u00eda 16 de septiembre el Dr. Rafael Sard\u00e0 investigador del Centro de Estudios Avanzados de Blanes (CEAB-CSIC) participar\u00e1 en una mesa redonda en relaci\u00f3n con el Parque e\u00f3lico marino Tramuntana. La mesa redonda est\u00e1 organizada por la Secci\u00f3n de Ecolog\u00eda del Ateneu Barcelon\u00e8s y permitir\u00e1 dar voz a las diferentes partes implicadas&hellip;&nbsp;El Dr. Rafa Sard\u00e1 participa en un debate sobre el parque e\u00f3lico marino Tramuntana","og_url":"https:\/\/www.ceab.csic.es\/es\/el-dr-rafa-sarda-participa-en-un-debate-sobre-el-parque-eolico-marino-tramuntana\/","og_site_name":"CEAB","article_published_time":"2021-09-15T05:00:23+00:00","og_image":[{"width":1024,"height":453,"url":"https:\/\/www.ceab.csic.es\/wp-content\/uploads\/2024\/04\/parc-eolic-a-roses-1024x453-1.jpg","type":"image\/jpeg"}],"author":"Marta Mora","twitter_card":"summary_large_image","twitter_creator":"@ceabcsic","twitter_site":"@ceabcsic","twitter_misc":{"Escrito por":"Marta Mora","Tiempo de lectura":"2 minutos"},"schema":{"@context":"https:\/\/schema.org","@graph":[{"@type":"WebPage","@id":"https:\/\/www.ceab.csic.es\/es\/el-dr-rafa-sarda-participa-en-un-debate-sobre-el-parque-eolico-marino-tramuntana\/","url":"https:\/\/www.ceab.csic.es\/es\/el-dr-rafa-sarda-participa-en-un-debate-sobre-el-parque-eolico-marino-tramuntana\/","name":"El Dr. Rafa Sard\u00e1 participa en un debate sobre el parque e\u00f3lico marino Tramuntana | CEAB","isPartOf":{"@id":"https:\/\/www.ceab.csic.es\/es\/#website"},"primaryImageOfPage":{"@id":"https:\/\/www.ceab.csic.es\/es\/el-dr-rafa-sarda-participa-en-un-debate-sobre-el-parque-eolico-marino-tramuntana\/#primaryimage"},"image":{"@id":"https:\/\/www.ceab.csic.es\/es\/el-dr-rafa-sarda-participa-en-un-debate-sobre-el-parque-eolico-marino-tramuntana\/#primaryimage"},"thumbnailUrl":"https:\/\/www.ceab.csic.es\/wp-content\/uploads\/2024\/04\/parc-eolic-a-roses-1024x453-1.jpg","datePublished":"2021-09-15T05:00:23+00:00","author":{"@id":"https:\/\/www.ceab.csic.es\/es\/#\/schema\/person\/845845b9248f47781893a0fc9e221990"},"breadcrumb":{"@id":"https:\/\/www.ceab.csic.es\/es\/el-dr-rafa-sarda-participa-en-un-debate-sobre-el-parque-eolico-marino-tramuntana\/#breadcrumb"},"inLanguage":"es","potentialAction":[{"@type":"ReadAction","target":["https:\/\/www.ceab.csic.es\/es\/el-dr-rafa-sarda-participa-en-un-debate-sobre-el-parque-eolico-marino-tramuntana\/"]}]},{"@type":"ImageObject","inLanguage":"es","@id":"https:\/\/www.ceab.csic.es\/es\/el-dr-rafa-sarda-participa-en-un-debate-sobre-el-parque-eolico-marino-tramuntana\/#primaryimage","url":"https:\/\/www.ceab.csic.es\/wp-content\/uploads\/2024\/04\/parc-eolic-a-roses-1024x453-1.jpg","contentUrl":"https:\/\/www.ceab.csic.es\/wp-content\/uploads\/2024\/04\/parc-eolic-a-roses-1024x453-1.jpg","width":1024,"height":453},{"@type":"BreadcrumbList","@id":"https:\/\/www.ceab.csic.es\/es\/el-dr-rafa-sarda-participa-en-un-debate-sobre-el-parque-eolico-marino-tramuntana\/#breadcrumb","itemListElement":[{"@type":"ListItem","position":1,"name":"Inici","item":"https:\/\/www.ceab.csic.es\/es\/"},{"@type":"ListItem","position":2,"name":"El Dr. Rafa Sard\u00e1 participa en un debate sobre el parque e\u00f3lico marino Tramuntana"}]},{"@type":"WebSite","@id":"https:\/\/www.ceab.csic.es\/es\/#website","url":"https:\/\/www.ceab.csic.es\/es\/","name":"CEAB","description":"Centre Estudis Avan\u00e7ats de Blanes","alternateName":"CEAB","potentialAction":[{"@type":"SearchAction","target":{"@type":"EntryPoint","urlTemplate":"https:\/\/www.ceab.csic.es\/es\/?s={search_term_string}"},"query-input":{"@type":"PropertyValueSpecification","valueRequired":true,"valueName":"search_term_string"}}],"inLanguage":"es"},{"@type":"Person","@id":"https:\/\/www.ceab.csic.es\/es\/#\/schema\/person\/845845b9248f47781893a0fc9e221990","name":"Marta Mora","image":{"@type":"ImageObject","inLanguage":"es","@id":"https:\/\/www.ceab.csic.es\/es\/#\/schema\/person\/image\/","url":"https:\/\/secure.gravatar.com\/avatar\/7d494bb8306b3f696f20fc42d6d8cac9?s=96&d=mm&r=g","contentUrl":"https:\/\/secure.gravatar.com\/avatar\/7d494bb8306b3f696f20fc42d6d8cac9?s=96&d=mm&r=g","caption":"Marta Mora"},"sameAs":["https:\/\/www.ceab.csic.es\/"]}]}},"_links":{"self":[{"href":"https:\/\/www.ceab.csic.es\/es\/wp-json\/wp\/v2\/posts\/9275","targetHints":{"allow":["GET"]}}],"collection":[{"href":"https:\/\/www.ceab.csic.es\/es\/wp-json\/wp\/v2\/posts"}],"about":[{"href":"https:\/\/www.ceab.csic.es\/es\/wp-json\/wp\/v2\/types\/post"}],"author":[{"embeddable":true,"href":"https:\/\/www.ceab.csic.es\/es\/wp-json\/wp\/v2\/users\/4"}],"replies":[{"embeddable":true,"href":"https:\/\/www.ceab.csic.es\/es\/wp-json\/wp\/v2\/comments?post=9275"}],"version-history":[{"count":0,"href":"https:\/\/www.ceab.csic.es\/es\/wp-json\/wp\/v2\/posts\/9275\/revisions"}],"wp:featuredmedia":[{"embeddable":true,"href":"https:\/\/www.ceab.csic.es\/es\/wp-json\/wp\/v2\/media\/8795"}],"wp:attachment":[{"href":"https:\/\/www.ceab.csic.es\/es\/wp-json\/wp\/v2\/media?parent=9275"}],"wp:term":[{"taxonomy":"category","embeddable":true,"href":"https:\/\/www.ceab.csic.es\/es\/wp-json\/wp\/v2\/categories?post=9275"},{"taxonomy":"post_tag","embeddable":true,"href":"https:\/\/www.ceab.csic.es\/es\/wp-json\/wp\/v2\/tags?post=9275"}],"curies":[{"name":"wp","href":"https:\/\/api.w.org\/{rel}","templated":true}]}}