{"id":9307,"date":"2022-03-15T10:50:32","date_gmt":"2022-03-15T09:50:32","guid":{"rendered":"https:\/\/www.ceab.csic.es\/el-csic-abre-el-plazo-de-presentacion-de-relatos-a-la-xii-edicion-de-inspiraciencia\/"},"modified":"2022-03-15T10:50:32","modified_gmt":"2022-03-15T09:50:32","slug":"el-csic-abre-el-plazo-de-presentacion-de-relatos-a-la-xii-edicion-de-inspiraciencia","status":"publish","type":"post","link":"https:\/\/www.ceab.csic.es\/es\/el-csic-abre-el-plazo-de-presentacion-de-relatos-a-la-xii-edicion-de-inspiraciencia\/","title":{"rendered":"El CSIC abre el plazo de presentaci\u00f3n de relatos a la XII edici\u00f3n de Inspiraciencia"},"content":{"rendered":"<p>El certamen de relatos cient\u00edficos Inspiraciencia del Consejo Superior de Investigaciones Cient\u00edficas (CSIC) abre hoy, 15 de marzo, su plazo de presentaci\u00f3n de relatos hasta el 22 de mayo de 2022. Como en ediciones anteriores, los textos deben estar escritos en castellano, catal\u00e1n, gallego o euskera y abordar una tem\u00e1tica cient\u00edfica. Este a\u00f1o, adem\u00e1s, habr\u00e1 un premio especial para los relatos que traten sobre Inteligencia Artificial (IA).<\/p>\n<p>El concurso recibe la colaboraci\u00f3n de la Fundaci\u00f3n Espa\u00f1ola para la Ciencia y la Tecnolog\u00eda (FECYT) &#8211; Ministerio de Ciencia e Innovaci\u00f3n y el apoyo continuado de numerosas entidades culturales y cient\u00edficas. Esta edici\u00f3n contar\u00e1 con la participaci\u00f3n especial tanto de la Delegaci\u00f3n del CSIC en la Comunitat Valenciana para la organizaci\u00f3n del acto de entrega de premios, como de Conexi\u00f3n AIHUB.CSIC, una red que aglutina al personal investigador de esta instituci\u00f3n dedicado a la IA y que aportar\u00e1 financiaci\u00f3n y premios en la tem\u00e1tica de IA del concurso.<\/p>\n<p>Inspiraciencia naci\u00f3 en el a\u00f1o 2011 con el objetivo de unir ciencia y literatura para fomentar la creatividad y un acercamiento diferente al pensamiento cient\u00edfico. Pueden presentarse al certamen relatos cortos de un m\u00e1ximo de 800 palabras en dos categor\u00edas: Joven (de 12 a 17 a\u00f1os) y Adultos (a partir de los 18 a\u00f1os). Los originales se enviar\u00e1n a trav\u00e9s de la web del concurso, <a href=\"https:\/\/www.inspiraciencia.es\/es\/\">inspiraciencia.es<\/a>, mediante registro previo.<\/p>\n<h3><strong>Premios <\/strong><\/h3>\n<p>Se conceder\u00e1n dos premios, uno institucional, para cada categor\u00eda e idioma, y otro del p\u00fablico. Adem\u00e1s, se entregar\u00e1n dos premios especiales: el de Inteligencia Artificial, novedad de este a\u00f1o, y el premio \u201cDe ciencias y de letras\u201d, dirigido al profesorado.<\/p>\n<p>El premio especial \u201cDe ciencias y de letras\u201d se introdujo en la edici\u00f3n anterior, y a \u00e9l puede optar el profesorado que haya promovido la participaci\u00f3n de su alumnado con al menos un relato en la categor\u00eda Joven del concurso.<\/p>\n<h3><strong><img fetchpriority=\"high\" decoding=\"async\" class=\"alignnone size-full wp-image-54058\" src=\"https:\/\/www.ceab.csic.es\/site\/wp-content\/uploads\/2022\/03\/inspiraciencia1.png\" alt=\" width=\"1585\" height=\"797\" \/><\/strong><\/h3>\n<h3><strong>Entrega de premios en Valencia<\/strong><\/h3>\n<p>Este 2022, si las condiciones sanitarias lo permiten, la entrega de premios se llevar\u00e1 a cabo en Casa de la Ci\u00e8ncia del CSIC en Val\u00e8ncia en septiembre. Desde la sexta edici\u00f3n la entrega de premios del certamen ha tenido un car\u00e1cter itinerante y se ha celebrado en Madrid, A Coru\u00f1a, Sevilla o San Sebasti\u00e1n. En el 10\u00ba aniversario del concurso la entrega tuvo lugar en Barcelona, donde surgi\u00f3 la iniciativa, y en su XI edici\u00f3n el pasado 2021 la ceremonia se celebr\u00f3 de nuevo en formato presencial en el Palacio de la Aljafer\u00eda, en Zaragoza, sede de las Cortes de Arag\u00f3n.<\/p>\n<p>El jurado estar\u00e1 compuesto por personas ligadas al \u00e1mbito cient\u00edfico y literario como <strong>Manuel Vicente<\/strong>, del programa Efervesciencia de Radio galega; <strong>Conxi Ayala<\/strong>, investigadora en el Instituto de Geociencias de Barcelona (CSIC); y <strong>Pura Salceda<\/strong>, representante de la Asociaci\u00f3n de Escritoras en Lingua Galega, entre otros. La composici\u00f3n completa del jurado se anunciar\u00e1 pr\u00f3ximamente en la web del certamen.<\/p>\n<p>Inspiraciencia es un concurso impulsado desde la Delegaci\u00f3n del CSIC en Catalu\u00f1a en el que tambi\u00e9n colabora la Cultura Cient\u00edfica y Ciencia Ciudadana del CSIC y que puede realizarse gracias a la implicaci\u00f3n de muchas personas de las delegaciones e institutos del CSIC en: Andaluc\u00eda, Arag\u00f3n, Baleares, Canarias, Extremadura, Galicia, Pa\u00eds Vasco y las comunidades de Madrid y Valencia.<\/p>\n<p>Las siguientes entidades culturales y cient\u00edficas tambi\u00e9n colaboran en el certamen: Escola d\u2019Escriptura de l\u2019Ateneu Barcelon\u00e8s; Escuela de Escritores; Asociaci\u00f3n de Escritoras e Escritores en Lingua Galega; Editorial Galaxia; Euskal Etxea &#8211; Centre Cultural Barcelona; Elhuyar Fundazioa; M\u00e8tode &#8211; Revista de Difusi\u00f3 de la Investigaci\u00f3 de la Universitat de Val\u00e8ncia; Associaci\u00f3 d\u2019Escriptors en Llengua Catalana; Investigaci\u00f3n y Ciencia; Biblioteques de Barcelona; Efervesciencia &#8211; Radio galega y Conexi\u00f3n AIHUB.CSIC.<\/p>\n","protected":false},"excerpt":{"rendered":"<p>El certamen de relatos cient\u00edficos Inspiraciencia del Consejo Superior de Investigaciones Cient\u00edficas (CSIC) abre hoy, 15 de marzo, su plazo de presentaci\u00f3n de relatos hasta el 22 de mayo de 2022. Como en ediciones anteriores, los textos deben estar escritos en castellano, catal\u00e1n, gallego o euskera y abordar una tem\u00e1tica cient\u00edfica. Este a\u00f1o, adem\u00e1s, habr\u00e1&hellip;&nbsp;<a href=\"https:\/\/www.ceab.csic.es\/es\/el-csic-abre-el-plazo-de-presentacion-de-relatos-a-la-xii-edicion-de-inspiraciencia\/\" rel=\"bookmark\"><span class=\"screen-reader-text\">El CSIC abre el plazo de presentaci\u00f3n de relatos a la XII edici\u00f3n de Inspiraciencia<\/span><\/a><\/p>\n","protected":false},"author":4,"featured_media":8876,"comment_status":"closed","ping_status":"closed","sticky":false,"template":"","format":"standard","meta":{"_acf_changed":false,"neve_meta_sidebar":"","neve_meta_container":"","neve_meta_enable_content_width":"","neve_meta_content_width":0,"neve_meta_title_alignment":"","neve_meta_author_avatar":"","neve_post_elements_order":"","neve_meta_disable_header":"","neve_meta_disable_footer":"","neve_meta_disable_title":"","footnotes":""},"categories":[335],"tags":[484,474,475,957,477],"class_list":["post-9307","post","type-post","status-publish","format-standard","has-post-thumbnail","hentry","category-sin-categorizar","tag-ciencia","tag-csic","tag-inspiraciencia","tag-relatos","tag-relats"],"acf":[],"yoast_head":"<!-- This site is optimized with the Yoast SEO plugin v24.6 - https:\/\/yoast.com\/wordpress\/plugins\/seo\/ -->\n<title>El CSIC abre el plazo de presentaci\u00f3n de relatos a la XII edici\u00f3n de Inspiraciencia | CEAB<\/title>\n<meta name=\"robots\" content=\"index, follow, max-snippet:-1, max-image-preview:large, max-video-preview:-1\" \/>\n<link rel=\"canonical\" href=\"https:\/\/www.ceab.csic.es\/es\/el-csic-abre-el-plazo-de-presentacion-de-relatos-a-la-xii-edicion-de-inspiraciencia\/\" \/>\n<meta property=\"og:locale\" content=\"es_ES\" \/>\n<meta property=\"og:type\" content=\"article\" \/>\n<meta property=\"og:title\" content=\"El CSIC abre el plazo de presentaci\u00f3n de relatos a la XII edici\u00f3n de Inspiraciencia | CEAB\" \/>\n<meta property=\"og:description\" content=\"El certamen de relatos cient\u00edficos Inspiraciencia del Consejo Superior de Investigaciones Cient\u00edficas (CSIC) abre hoy, 15 de marzo, su plazo de presentaci\u00f3n de relatos hasta el 22 de mayo de 2022. Como en ediciones anteriores, los textos deben estar escritos en castellano, catal\u00e1n, gallego o euskera y abordar una tem\u00e1tica cient\u00edfica. Este a\u00f1o, adem\u00e1s, habr\u00e1&hellip;&nbsp;El CSIC abre el plazo de presentaci\u00f3n de relatos a la XII edici\u00f3n de Inspiraciencia\" \/>\n<meta property=\"og:url\" content=\"https:\/\/www.ceab.csic.es\/es\/el-csic-abre-el-plazo-de-presentacion-de-relatos-a-la-xii-edicion-de-inspiraciencia\/\" \/>\n<meta property=\"og:site_name\" content=\"CEAB\" \/>\n<meta property=\"article:published_time\" content=\"2022-03-15T09:50:32+00:00\" \/>\n<meta property=\"og:image\" content=\"https:\/\/www.ceab.csic.es\/wp-content\/uploads\/2024\/04\/poster2022-HORIZONTAL.jpg\" \/>\n\t<meta property=\"og:image:width\" content=\"1920\" \/>\n\t<meta property=\"og:image:height\" content=\"1080\" \/>\n\t<meta property=\"og:image:type\" content=\"image\/jpeg\" \/>\n<meta name=\"author\" content=\"Marta Mora\" \/>\n<meta name=\"twitter:card\" content=\"summary_large_image\" \/>\n<meta name=\"twitter:creator\" content=\"@ceabcsic\" \/>\n<meta name=\"twitter:site\" content=\"@ceabcsic\" \/>\n<meta name=\"twitter:label1\" content=\"Escrito por\" \/>\n\t<meta name=\"twitter:data1\" content=\"Marta Mora\" \/>\n\t<meta name=\"twitter:label2\" content=\"Tiempo de lectura\" \/>\n\t<meta name=\"twitter:data2\" content=\"2 minutos\" \/>\n<script type=\"application\/ld+json\" class=\"yoast-schema-graph\">{\"@context\":\"https:\/\/schema.org\",\"@graph\":[{\"@type\":\"WebPage\",\"@id\":\"https:\/\/www.ceab.csic.es\/es\/el-csic-abre-el-plazo-de-presentacion-de-relatos-a-la-xii-edicion-de-inspiraciencia\/\",\"url\":\"https:\/\/www.ceab.csic.es\/es\/el-csic-abre-el-plazo-de-presentacion-de-relatos-a-la-xii-edicion-de-inspiraciencia\/\",\"name\":\"El CSIC abre el plazo de presentaci\u00f3n de relatos a la XII edici\u00f3n de Inspiraciencia | CEAB\",\"isPartOf\":{\"@id\":\"https:\/\/www.ceab.csic.es\/es\/#website\"},\"primaryImageOfPage\":{\"@id\":\"https:\/\/www.ceab.csic.es\/es\/el-csic-abre-el-plazo-de-presentacion-de-relatos-a-la-xii-edicion-de-inspiraciencia\/#primaryimage\"},\"image\":{\"@id\":\"https:\/\/www.ceab.csic.es\/es\/el-csic-abre-el-plazo-de-presentacion-de-relatos-a-la-xii-edicion-de-inspiraciencia\/#primaryimage\"},\"thumbnailUrl\":\"https:\/\/www.ceab.csic.es\/wp-content\/uploads\/2024\/04\/poster2022-HORIZONTAL.jpg\",\"datePublished\":\"2022-03-15T09:50:32+00:00\",\"author\":{\"@id\":\"https:\/\/www.ceab.csic.es\/es\/#\/schema\/person\/845845b9248f47781893a0fc9e221990\"},\"breadcrumb\":{\"@id\":\"https:\/\/www.ceab.csic.es\/es\/el-csic-abre-el-plazo-de-presentacion-de-relatos-a-la-xii-edicion-de-inspiraciencia\/#breadcrumb\"},\"inLanguage\":\"es\",\"potentialAction\":[{\"@type\":\"ReadAction\",\"target\":[\"https:\/\/www.ceab.csic.es\/es\/el-csic-abre-el-plazo-de-presentacion-de-relatos-a-la-xii-edicion-de-inspiraciencia\/\"]}]},{\"@type\":\"ImageObject\",\"inLanguage\":\"es\",\"@id\":\"https:\/\/www.ceab.csic.es\/es\/el-csic-abre-el-plazo-de-presentacion-de-relatos-a-la-xii-edicion-de-inspiraciencia\/#primaryimage\",\"url\":\"https:\/\/www.ceab.csic.es\/wp-content\/uploads\/2024\/04\/poster2022-HORIZONTAL.jpg\",\"contentUrl\":\"https:\/\/www.ceab.csic.es\/wp-content\/uploads\/2024\/04\/poster2022-HORIZONTAL.jpg\",\"width\":1920,\"height\":1080},{\"@type\":\"BreadcrumbList\",\"@id\":\"https:\/\/www.ceab.csic.es\/es\/el-csic-abre-el-plazo-de-presentacion-de-relatos-a-la-xii-edicion-de-inspiraciencia\/#breadcrumb\",\"itemListElement\":[{\"@type\":\"ListItem\",\"position\":1,\"name\":\"Inici\",\"item\":\"https:\/\/www.ceab.csic.es\/es\/\"},{\"@type\":\"ListItem\",\"position\":2,\"name\":\"El CSIC abre el plazo de presentaci\u00f3n de relatos a la XII edici\u00f3n de Inspiraciencia\"}]},{\"@type\":\"WebSite\",\"@id\":\"https:\/\/www.ceab.csic.es\/es\/#website\",\"url\":\"https:\/\/www.ceab.csic.es\/es\/\",\"name\":\"CEAB\",\"description\":\"Centre Estudis Avan\u00e7ats de Blanes\",\"alternateName\":\"CEAB\",\"potentialAction\":[{\"@type\":\"SearchAction\",\"target\":{\"@type\":\"EntryPoint\",\"urlTemplate\":\"https:\/\/www.ceab.csic.es\/es\/?s={search_term_string}\"},\"query-input\":{\"@type\":\"PropertyValueSpecification\",\"valueRequired\":true,\"valueName\":\"search_term_string\"}}],\"inLanguage\":\"es\"},{\"@type\":\"Person\",\"@id\":\"https:\/\/www.ceab.csic.es\/es\/#\/schema\/person\/845845b9248f47781893a0fc9e221990\",\"name\":\"Marta Mora\",\"image\":{\"@type\":\"ImageObject\",\"inLanguage\":\"es\",\"@id\":\"https:\/\/www.ceab.csic.es\/es\/#\/schema\/person\/image\/\",\"url\":\"https:\/\/secure.gravatar.com\/avatar\/7d494bb8306b3f696f20fc42d6d8cac9?s=96&d=mm&r=g\",\"contentUrl\":\"https:\/\/secure.gravatar.com\/avatar\/7d494bb8306b3f696f20fc42d6d8cac9?s=96&d=mm&r=g\",\"caption\":\"Marta Mora\"},\"sameAs\":[\"https:\/\/www.ceab.csic.es\/\"]}]}<\/script>\n<!-- \/ Yoast SEO plugin. -->","yoast_head_json":{"title":"El CSIC abre el plazo de presentaci\u00f3n de relatos a la XII edici\u00f3n de Inspiraciencia | CEAB","robots":{"index":"index","follow":"follow","max-snippet":"max-snippet:-1","max-image-preview":"max-image-preview:large","max-video-preview":"max-video-preview:-1"},"canonical":"https:\/\/www.ceab.csic.es\/es\/el-csic-abre-el-plazo-de-presentacion-de-relatos-a-la-xii-edicion-de-inspiraciencia\/","og_locale":"es_ES","og_type":"article","og_title":"El CSIC abre el plazo de presentaci\u00f3n de relatos a la XII edici\u00f3n de Inspiraciencia | CEAB","og_description":"El certamen de relatos cient\u00edficos Inspiraciencia del Consejo Superior de Investigaciones Cient\u00edficas (CSIC) abre hoy, 15 de marzo, su plazo de presentaci\u00f3n de relatos hasta el 22 de mayo de 2022. Como en ediciones anteriores, los textos deben estar escritos en castellano, catal\u00e1n, gallego o euskera y abordar una tem\u00e1tica cient\u00edfica. Este a\u00f1o, adem\u00e1s, habr\u00e1&hellip;&nbsp;El CSIC abre el plazo de presentaci\u00f3n de relatos a la XII edici\u00f3n de Inspiraciencia","og_url":"https:\/\/www.ceab.csic.es\/es\/el-csic-abre-el-plazo-de-presentacion-de-relatos-a-la-xii-edicion-de-inspiraciencia\/","og_site_name":"CEAB","article_published_time":"2022-03-15T09:50:32+00:00","og_image":[{"width":1920,"height":1080,"url":"https:\/\/www.ceab.csic.es\/wp-content\/uploads\/2024\/04\/poster2022-HORIZONTAL.jpg","type":"image\/jpeg"}],"author":"Marta Mora","twitter_card":"summary_large_image","twitter_creator":"@ceabcsic","twitter_site":"@ceabcsic","twitter_misc":{"Escrito por":"Marta Mora","Tiempo de lectura":"2 minutos"},"schema":{"@context":"https:\/\/schema.org","@graph":[{"@type":"WebPage","@id":"https:\/\/www.ceab.csic.es\/es\/el-csic-abre-el-plazo-de-presentacion-de-relatos-a-la-xii-edicion-de-inspiraciencia\/","url":"https:\/\/www.ceab.csic.es\/es\/el-csic-abre-el-plazo-de-presentacion-de-relatos-a-la-xii-edicion-de-inspiraciencia\/","name":"El CSIC abre el plazo de presentaci\u00f3n de relatos a la XII edici\u00f3n de Inspiraciencia | CEAB","isPartOf":{"@id":"https:\/\/www.ceab.csic.es\/es\/#website"},"primaryImageOfPage":{"@id":"https:\/\/www.ceab.csic.es\/es\/el-csic-abre-el-plazo-de-presentacion-de-relatos-a-la-xii-edicion-de-inspiraciencia\/#primaryimage"},"image":{"@id":"https:\/\/www.ceab.csic.es\/es\/el-csic-abre-el-plazo-de-presentacion-de-relatos-a-la-xii-edicion-de-inspiraciencia\/#primaryimage"},"thumbnailUrl":"https:\/\/www.ceab.csic.es\/wp-content\/uploads\/2024\/04\/poster2022-HORIZONTAL.jpg","datePublished":"2022-03-15T09:50:32+00:00","author":{"@id":"https:\/\/www.ceab.csic.es\/es\/#\/schema\/person\/845845b9248f47781893a0fc9e221990"},"breadcrumb":{"@id":"https:\/\/www.ceab.csic.es\/es\/el-csic-abre-el-plazo-de-presentacion-de-relatos-a-la-xii-edicion-de-inspiraciencia\/#breadcrumb"},"inLanguage":"es","potentialAction":[{"@type":"ReadAction","target":["https:\/\/www.ceab.csic.es\/es\/el-csic-abre-el-plazo-de-presentacion-de-relatos-a-la-xii-edicion-de-inspiraciencia\/"]}]},{"@type":"ImageObject","inLanguage":"es","@id":"https:\/\/www.ceab.csic.es\/es\/el-csic-abre-el-plazo-de-presentacion-de-relatos-a-la-xii-edicion-de-inspiraciencia\/#primaryimage","url":"https:\/\/www.ceab.csic.es\/wp-content\/uploads\/2024\/04\/poster2022-HORIZONTAL.jpg","contentUrl":"https:\/\/www.ceab.csic.es\/wp-content\/uploads\/2024\/04\/poster2022-HORIZONTAL.jpg","width":1920,"height":1080},{"@type":"BreadcrumbList","@id":"https:\/\/www.ceab.csic.es\/es\/el-csic-abre-el-plazo-de-presentacion-de-relatos-a-la-xii-edicion-de-inspiraciencia\/#breadcrumb","itemListElement":[{"@type":"ListItem","position":1,"name":"Inici","item":"https:\/\/www.ceab.csic.es\/es\/"},{"@type":"ListItem","position":2,"name":"El CSIC abre el plazo de presentaci\u00f3n de relatos a la XII edici\u00f3n de Inspiraciencia"}]},{"@type":"WebSite","@id":"https:\/\/www.ceab.csic.es\/es\/#website","url":"https:\/\/www.ceab.csic.es\/es\/","name":"CEAB","description":"Centre Estudis Avan\u00e7ats de Blanes","alternateName":"CEAB","potentialAction":[{"@type":"SearchAction","target":{"@type":"EntryPoint","urlTemplate":"https:\/\/www.ceab.csic.es\/es\/?s={search_term_string}"},"query-input":{"@type":"PropertyValueSpecification","valueRequired":true,"valueName":"search_term_string"}}],"inLanguage":"es"},{"@type":"Person","@id":"https:\/\/www.ceab.csic.es\/es\/#\/schema\/person\/845845b9248f47781893a0fc9e221990","name":"Marta Mora","image":{"@type":"ImageObject","inLanguage":"es","@id":"https:\/\/www.ceab.csic.es\/es\/#\/schema\/person\/image\/","url":"https:\/\/secure.gravatar.com\/avatar\/7d494bb8306b3f696f20fc42d6d8cac9?s=96&d=mm&r=g","contentUrl":"https:\/\/secure.gravatar.com\/avatar\/7d494bb8306b3f696f20fc42d6d8cac9?s=96&d=mm&r=g","caption":"Marta Mora"},"sameAs":["https:\/\/www.ceab.csic.es\/"]}]}},"_links":{"self":[{"href":"https:\/\/www.ceab.csic.es\/es\/wp-json\/wp\/v2\/posts\/9307","targetHints":{"allow":["GET"]}}],"collection":[{"href":"https:\/\/www.ceab.csic.es\/es\/wp-json\/wp\/v2\/posts"}],"about":[{"href":"https:\/\/www.ceab.csic.es\/es\/wp-json\/wp\/v2\/types\/post"}],"author":[{"embeddable":true,"href":"https:\/\/www.ceab.csic.es\/es\/wp-json\/wp\/v2\/users\/4"}],"replies":[{"embeddable":true,"href":"https:\/\/www.ceab.csic.es\/es\/wp-json\/wp\/v2\/comments?post=9307"}],"version-history":[{"count":0,"href":"https:\/\/www.ceab.csic.es\/es\/wp-json\/wp\/v2\/posts\/9307\/revisions"}],"wp:featuredmedia":[{"embeddable":true,"href":"https:\/\/www.ceab.csic.es\/es\/wp-json\/wp\/v2\/media\/8876"}],"wp:attachment":[{"href":"https:\/\/www.ceab.csic.es\/es\/wp-json\/wp\/v2\/media?parent=9307"}],"wp:term":[{"taxonomy":"category","embeddable":true,"href":"https:\/\/www.ceab.csic.es\/es\/wp-json\/wp\/v2\/categories?post=9307"},{"taxonomy":"post_tag","embeddable":true,"href":"https:\/\/www.ceab.csic.es\/es\/wp-json\/wp\/v2\/tags?post=9307"}],"curies":[{"name":"wp","href":"https:\/\/api.w.org\/{rel}","templated":true}]}}