{"id":9316,"date":"2022-04-20T08:52:46","date_gmt":"2022-04-20T06:52:46","guid":{"rendered":"https:\/\/www.ceab.csic.es\/10-anos-de-miradas-para-el-cambio\/"},"modified":"2022-04-20T08:52:46","modified_gmt":"2022-04-20T06:52:46","slug":"10-anos-de-miradas-para-el-cambio","status":"publish","type":"post","link":"https:\/\/www.ceab.csic.es\/es\/10-anos-de-miradas-para-el-cambio\/","title":{"rendered":"\u00a110 a\u00f1os de miradas para el cambio!"},"content":{"rendered":"<p id=\"NewTitle\" class=\"row NewTitle\">El pr\u00f3ximo 6 de mayo, el proyecto de ciencia ciudadana Observadors del Mar, celebra su 10 aniversario. Hace 10 a\u00f1os comenzamos este proyecto y ahora somos m\u00e1s de 3600 personas comprometidas que, juntas, hemos logrado m\u00e1s de 16.000 observaciones.<\/p>\n<p>Es momento de juntarnos, de hacer repaso del camino recorrido, de recordar logros, de so\u00f1ar nuevos hitos. Es el momento de disfrutar y celebrar. Por ello, os invitamos al evento <em>\u201cObservadores del Mar: 10 a\u00f1os de miradas para el cambio\u201d<\/em> el <strong>viernes 6 de mayo<\/strong> por la tarde en el<strong> Institut de Ci\u00e8ncies del Mar (ICM-CSIC)<\/strong> de Barcelona. Tambi\u00e9n podr\u00e1s seguirlo por streaming.<\/p>\n<p><a href=\"https:\/\/www.eventbrite.es\/e\/entradas-10-anos-de-miradas-para-el-cambio-306276309687?utm-campaign=social&amp;utm-content=attendeeshare&amp;utm-medium=discovery&amp;utm-term=listing&amp;utm-source=cp&amp;aff=escb\" target=\"_blank\" rel=\"noopener\"><strong>REGISTRATE<\/strong><\/a><\/p>\n<div><img fetchpriority=\"high\" decoding=\"async\" class=\"size-full wp-image-54316 aligncenter\" src=\"https:\/\/www.ceab.csic.es\/site\/wp-content\/uploads\/2022\/04\/observadores_mar.jpg\" alt=\" width=\"1589\" height=\"367\" \/><\/div>\n<h3>\u00bfC\u00f3mo ser\u00e1 el evento?<\/h3>\n<p>El acto se dividir\u00e1 en dos partes. La primera mostrar\u00e1, de mano de sus protagonistas, el nacimiento de la plataforma de ciencia ciudadana marina Observadoresdelmar.es y su objetivo de dar respuesta a la inquietud de la ciudadan\u00eda. Adem\u00e1s, mostraremos todos los proyectos que han ido nutriendo la plataforma creando una conexi\u00f3n cada vez mayor entre la sociedad y la ciencia. A trav\u00e9s de tertulias distendidas y mesas redondas daremos a conocer los impactos que se han generado en una d\u00e9cada, entre ellos hallazgos inesperados, seguimiento de especies y alianzas entre entidades. Al mismo tiempo, hablaremos de los retos actuales y futuros que conjuntamente queremos abordar. La segunda parte la celebraremos en el patio disfrutando de un concierto, de entrevistas, de picoteo y alguna que otra sorpresa m\u00e1s.<\/p>\n<p>\u00ab10 a\u00f1os de miradas para el cambio\u00bb es el evento que celebrar\u00e1 la gran potencia que tiene la ciencia ciudadana para alertar de cambios en los ecosistemas marinos, para conectar el conocimiento cient\u00edfico con el p\u00fablico en general, para ser usada en la mejora de la gesti\u00f3n marina, para que cada persona conozca y ame el mar.<\/p>\n<p>\u00a1Ven a celebrarlo! Te esperamos con los brazos abiertos.<\/p>\n<p><a href=\"https:\/\/drive.google.com\/file\/d\/1wwWMANGBB304avCLOcaPCJUSlNM-vDkL\/view?usp=sharing\" target=\"_blank\" rel=\"noopener\"><strong>PROGRAMA<\/strong><\/a><\/p>\n<p>&#8212;<\/p>\n<div><em>Noticia v\u00eda\u00a0<a href=\"https:\/\/www.observadoresdelmar.es\/News\/Detail\/28\" target=\"_blank\" rel=\"noopener\">Observadores del Mar<\/a><\/em><\/div>\n","protected":false},"excerpt":{"rendered":"<p>El pr\u00f3ximo 6 de mayo, el proyecto de ciencia ciudadana Observadors del Mar, celebra su 10 aniversario. Hace 10 a\u00f1os comenzamos este proyecto y ahora somos m\u00e1s de 3600 personas comprometidas que, juntas, hemos logrado m\u00e1s de 16.000 observaciones. Es momento de juntarnos, de hacer repaso del camino recorrido, de recordar logros, de so\u00f1ar nuevos&hellip;&nbsp;<a href=\"https:\/\/www.ceab.csic.es\/es\/10-anos-de-miradas-para-el-cambio\/\" rel=\"bookmark\"><span class=\"screen-reader-text\">\u00a110 a\u00f1os de miradas para el cambio!<\/span><\/a><\/p>\n","protected":false},"author":4,"featured_media":8900,"comment_status":"closed","ping_status":"closed","sticky":false,"template":"","format":"standard","meta":{"_acf_changed":false,"neve_meta_sidebar":"","neve_meta_container":"","neve_meta_enable_content_width":"","neve_meta_content_width":0,"neve_meta_title_alignment":"","neve_meta_author_avatar":"","neve_post_elements_order":"","neve_meta_disable_header":"","neve_meta_disable_footer":"","neve_meta_disable_title":"","footnotes":""},"categories":[335],"tags":[71,77,291,877,622,613,1031,623],"class_list":["post-9316","post","type-post","status-publish","format-standard","has-post-thumbnail","hentry","category-sin-categorizar","tag-biologia-marina","tag-ciencia-ciutadana","tag-educacio","tag-educacion","tag-medi-mari","tag-medio-marino","tag-odm10anos","tag-odm10anys"],"acf":[],"yoast_head":"<!-- This site is optimized with the Yoast SEO plugin v24.6 - https:\/\/yoast.com\/wordpress\/plugins\/seo\/ -->\n<title>\u00a110 a\u00f1os de miradas para el cambio! | CEAB<\/title>\n<meta name=\"robots\" content=\"index, follow, max-snippet:-1, max-image-preview:large, max-video-preview:-1\" \/>\n<link rel=\"canonical\" href=\"https:\/\/www.ceab.csic.es\/es\/10-anos-de-miradas-para-el-cambio\/\" \/>\n<meta property=\"og:locale\" content=\"es_ES\" \/>\n<meta property=\"og:type\" content=\"article\" \/>\n<meta property=\"og:title\" content=\"\u00a110 a\u00f1os de miradas para el cambio! | CEAB\" \/>\n<meta property=\"og:description\" content=\"El pr\u00f3ximo 6 de mayo, el proyecto de ciencia ciudadana Observadors del Mar, celebra su 10 aniversario. Hace 10 a\u00f1os comenzamos este proyecto y ahora somos m\u00e1s de 3600 personas comprometidas que, juntas, hemos logrado m\u00e1s de 16.000 observaciones. Es momento de juntarnos, de hacer repaso del camino recorrido, de recordar logros, de so\u00f1ar nuevos&hellip;&nbsp;\u00a110 a\u00f1os de miradas para el cambio!\" \/>\n<meta property=\"og:url\" content=\"https:\/\/www.ceab.csic.es\/es\/10-anos-de-miradas-para-el-cambio\/\" \/>\n<meta property=\"og:site_name\" content=\"CEAB\" \/>\n<meta property=\"article:published_time\" content=\"2022-04-20T06:52:46+00:00\" \/>\n<meta property=\"og:image\" content=\"https:\/\/www.ceab.csic.es\/wp-content\/uploads\/2024\/04\/odm10aniv_Web-1250x833-1.png\" \/>\n\t<meta property=\"og:image:width\" content=\"1250\" \/>\n\t<meta property=\"og:image:height\" content=\"833\" \/>\n\t<meta property=\"og:image:type\" content=\"image\/png\" \/>\n<meta name=\"author\" content=\"Marta Mora\" \/>\n<meta name=\"twitter:card\" content=\"summary_large_image\" \/>\n<meta name=\"twitter:creator\" content=\"@ceabcsic\" \/>\n<meta name=\"twitter:site\" content=\"@ceabcsic\" \/>\n<meta name=\"twitter:label1\" content=\"Escrito por\" \/>\n\t<meta name=\"twitter:data1\" content=\"Marta Mora\" \/>\n\t<meta name=\"twitter:label2\" content=\"Tiempo de lectura\" \/>\n\t<meta name=\"twitter:data2\" content=\"1 minuto\" \/>\n<script type=\"application\/ld+json\" class=\"yoast-schema-graph\">{\"@context\":\"https:\/\/schema.org\",\"@graph\":[{\"@type\":\"WebPage\",\"@id\":\"https:\/\/www.ceab.csic.es\/es\/10-anos-de-miradas-para-el-cambio\/\",\"url\":\"https:\/\/www.ceab.csic.es\/es\/10-anos-de-miradas-para-el-cambio\/\",\"name\":\"\u00a110 a\u00f1os de miradas para el cambio! | CEAB\",\"isPartOf\":{\"@id\":\"https:\/\/www.ceab.csic.es\/es\/#website\"},\"primaryImageOfPage\":{\"@id\":\"https:\/\/www.ceab.csic.es\/es\/10-anos-de-miradas-para-el-cambio\/#primaryimage\"},\"image\":{\"@id\":\"https:\/\/www.ceab.csic.es\/es\/10-anos-de-miradas-para-el-cambio\/#primaryimage\"},\"thumbnailUrl\":\"https:\/\/www.ceab.csic.es\/wp-content\/uploads\/2024\/04\/odm10aniv_Web-1250x833-1.png\",\"datePublished\":\"2022-04-20T06:52:46+00:00\",\"author\":{\"@id\":\"https:\/\/www.ceab.csic.es\/es\/#\/schema\/person\/845845b9248f47781893a0fc9e221990\"},\"breadcrumb\":{\"@id\":\"https:\/\/www.ceab.csic.es\/es\/10-anos-de-miradas-para-el-cambio\/#breadcrumb\"},\"inLanguage\":\"es\",\"potentialAction\":[{\"@type\":\"ReadAction\",\"target\":[\"https:\/\/www.ceab.csic.es\/es\/10-anos-de-miradas-para-el-cambio\/\"]}]},{\"@type\":\"ImageObject\",\"inLanguage\":\"es\",\"@id\":\"https:\/\/www.ceab.csic.es\/es\/10-anos-de-miradas-para-el-cambio\/#primaryimage\",\"url\":\"https:\/\/www.ceab.csic.es\/wp-content\/uploads\/2024\/04\/odm10aniv_Web-1250x833-1.png\",\"contentUrl\":\"https:\/\/www.ceab.csic.es\/wp-content\/uploads\/2024\/04\/odm10aniv_Web-1250x833-1.png\",\"width\":1250,\"height\":833},{\"@type\":\"BreadcrumbList\",\"@id\":\"https:\/\/www.ceab.csic.es\/es\/10-anos-de-miradas-para-el-cambio\/#breadcrumb\",\"itemListElement\":[{\"@type\":\"ListItem\",\"position\":1,\"name\":\"Inici\",\"item\":\"https:\/\/www.ceab.csic.es\/es\/\"},{\"@type\":\"ListItem\",\"position\":2,\"name\":\"\u00a110 a\u00f1os de miradas para el cambio!\"}]},{\"@type\":\"WebSite\",\"@id\":\"https:\/\/www.ceab.csic.es\/es\/#website\",\"url\":\"https:\/\/www.ceab.csic.es\/es\/\",\"name\":\"CEAB\",\"description\":\"Centre Estudis Avan\u00e7ats de Blanes\",\"alternateName\":\"CEAB\",\"potentialAction\":[{\"@type\":\"SearchAction\",\"target\":{\"@type\":\"EntryPoint\",\"urlTemplate\":\"https:\/\/www.ceab.csic.es\/es\/?s={search_term_string}\"},\"query-input\":{\"@type\":\"PropertyValueSpecification\",\"valueRequired\":true,\"valueName\":\"search_term_string\"}}],\"inLanguage\":\"es\"},{\"@type\":\"Person\",\"@id\":\"https:\/\/www.ceab.csic.es\/es\/#\/schema\/person\/845845b9248f47781893a0fc9e221990\",\"name\":\"Marta Mora\",\"image\":{\"@type\":\"ImageObject\",\"inLanguage\":\"es\",\"@id\":\"https:\/\/www.ceab.csic.es\/es\/#\/schema\/person\/image\/\",\"url\":\"https:\/\/secure.gravatar.com\/avatar\/7d494bb8306b3f696f20fc42d6d8cac9?s=96&d=mm&r=g\",\"contentUrl\":\"https:\/\/secure.gravatar.com\/avatar\/7d494bb8306b3f696f20fc42d6d8cac9?s=96&d=mm&r=g\",\"caption\":\"Marta Mora\"},\"sameAs\":[\"https:\/\/www.ceab.csic.es\/\"]}]}<\/script>\n<!-- \/ Yoast SEO plugin. -->","yoast_head_json":{"title":"\u00a110 a\u00f1os de miradas para el cambio! | CEAB","robots":{"index":"index","follow":"follow","max-snippet":"max-snippet:-1","max-image-preview":"max-image-preview:large","max-video-preview":"max-video-preview:-1"},"canonical":"https:\/\/www.ceab.csic.es\/es\/10-anos-de-miradas-para-el-cambio\/","og_locale":"es_ES","og_type":"article","og_title":"\u00a110 a\u00f1os de miradas para el cambio! | CEAB","og_description":"El pr\u00f3ximo 6 de mayo, el proyecto de ciencia ciudadana Observadors del Mar, celebra su 10 aniversario. Hace 10 a\u00f1os comenzamos este proyecto y ahora somos m\u00e1s de 3600 personas comprometidas que, juntas, hemos logrado m\u00e1s de 16.000 observaciones. Es momento de juntarnos, de hacer repaso del camino recorrido, de recordar logros, de so\u00f1ar nuevos&hellip;&nbsp;\u00a110 a\u00f1os de miradas para el cambio!","og_url":"https:\/\/www.ceab.csic.es\/es\/10-anos-de-miradas-para-el-cambio\/","og_site_name":"CEAB","article_published_time":"2022-04-20T06:52:46+00:00","og_image":[{"width":1250,"height":833,"url":"https:\/\/www.ceab.csic.es\/wp-content\/uploads\/2024\/04\/odm10aniv_Web-1250x833-1.png","type":"image\/png"}],"author":"Marta Mora","twitter_card":"summary_large_image","twitter_creator":"@ceabcsic","twitter_site":"@ceabcsic","twitter_misc":{"Escrito por":"Marta Mora","Tiempo de lectura":"1 minuto"},"schema":{"@context":"https:\/\/schema.org","@graph":[{"@type":"WebPage","@id":"https:\/\/www.ceab.csic.es\/es\/10-anos-de-miradas-para-el-cambio\/","url":"https:\/\/www.ceab.csic.es\/es\/10-anos-de-miradas-para-el-cambio\/","name":"\u00a110 a\u00f1os de miradas para el cambio! | CEAB","isPartOf":{"@id":"https:\/\/www.ceab.csic.es\/es\/#website"},"primaryImageOfPage":{"@id":"https:\/\/www.ceab.csic.es\/es\/10-anos-de-miradas-para-el-cambio\/#primaryimage"},"image":{"@id":"https:\/\/www.ceab.csic.es\/es\/10-anos-de-miradas-para-el-cambio\/#primaryimage"},"thumbnailUrl":"https:\/\/www.ceab.csic.es\/wp-content\/uploads\/2024\/04\/odm10aniv_Web-1250x833-1.png","datePublished":"2022-04-20T06:52:46+00:00","author":{"@id":"https:\/\/www.ceab.csic.es\/es\/#\/schema\/person\/845845b9248f47781893a0fc9e221990"},"breadcrumb":{"@id":"https:\/\/www.ceab.csic.es\/es\/10-anos-de-miradas-para-el-cambio\/#breadcrumb"},"inLanguage":"es","potentialAction":[{"@type":"ReadAction","target":["https:\/\/www.ceab.csic.es\/es\/10-anos-de-miradas-para-el-cambio\/"]}]},{"@type":"ImageObject","inLanguage":"es","@id":"https:\/\/www.ceab.csic.es\/es\/10-anos-de-miradas-para-el-cambio\/#primaryimage","url":"https:\/\/www.ceab.csic.es\/wp-content\/uploads\/2024\/04\/odm10aniv_Web-1250x833-1.png","contentUrl":"https:\/\/www.ceab.csic.es\/wp-content\/uploads\/2024\/04\/odm10aniv_Web-1250x833-1.png","width":1250,"height":833},{"@type":"BreadcrumbList","@id":"https:\/\/www.ceab.csic.es\/es\/10-anos-de-miradas-para-el-cambio\/#breadcrumb","itemListElement":[{"@type":"ListItem","position":1,"name":"Inici","item":"https:\/\/www.ceab.csic.es\/es\/"},{"@type":"ListItem","position":2,"name":"\u00a110 a\u00f1os de miradas para el cambio!"}]},{"@type":"WebSite","@id":"https:\/\/www.ceab.csic.es\/es\/#website","url":"https:\/\/www.ceab.csic.es\/es\/","name":"CEAB","description":"Centre Estudis Avan\u00e7ats de Blanes","alternateName":"CEAB","potentialAction":[{"@type":"SearchAction","target":{"@type":"EntryPoint","urlTemplate":"https:\/\/www.ceab.csic.es\/es\/?s={search_term_string}"},"query-input":{"@type":"PropertyValueSpecification","valueRequired":true,"valueName":"search_term_string"}}],"inLanguage":"es"},{"@type":"Person","@id":"https:\/\/www.ceab.csic.es\/es\/#\/schema\/person\/845845b9248f47781893a0fc9e221990","name":"Marta Mora","image":{"@type":"ImageObject","inLanguage":"es","@id":"https:\/\/www.ceab.csic.es\/es\/#\/schema\/person\/image\/","url":"https:\/\/secure.gravatar.com\/avatar\/7d494bb8306b3f696f20fc42d6d8cac9?s=96&d=mm&r=g","contentUrl":"https:\/\/secure.gravatar.com\/avatar\/7d494bb8306b3f696f20fc42d6d8cac9?s=96&d=mm&r=g","caption":"Marta Mora"},"sameAs":["https:\/\/www.ceab.csic.es\/"]}]}},"_links":{"self":[{"href":"https:\/\/www.ceab.csic.es\/es\/wp-json\/wp\/v2\/posts\/9316","targetHints":{"allow":["GET"]}}],"collection":[{"href":"https:\/\/www.ceab.csic.es\/es\/wp-json\/wp\/v2\/posts"}],"about":[{"href":"https:\/\/www.ceab.csic.es\/es\/wp-json\/wp\/v2\/types\/post"}],"author":[{"embeddable":true,"href":"https:\/\/www.ceab.csic.es\/es\/wp-json\/wp\/v2\/users\/4"}],"replies":[{"embeddable":true,"href":"https:\/\/www.ceab.csic.es\/es\/wp-json\/wp\/v2\/comments?post=9316"}],"version-history":[{"count":0,"href":"https:\/\/www.ceab.csic.es\/es\/wp-json\/wp\/v2\/posts\/9316\/revisions"}],"wp:featuredmedia":[{"embeddable":true,"href":"https:\/\/www.ceab.csic.es\/es\/wp-json\/wp\/v2\/media\/8900"}],"wp:attachment":[{"href":"https:\/\/www.ceab.csic.es\/es\/wp-json\/wp\/v2\/media?parent=9316"}],"wp:term":[{"taxonomy":"category","embeddable":true,"href":"https:\/\/www.ceab.csic.es\/es\/wp-json\/wp\/v2\/categories?post=9316"},{"taxonomy":"post_tag","embeddable":true,"href":"https:\/\/www.ceab.csic.es\/es\/wp-json\/wp\/v2\/tags?post=9316"}],"curies":[{"name":"wp","href":"https:\/\/api.w.org\/{rel}","templated":true}]}}