{"id":9357,"date":"2022-12-05T15:38:26","date_gmt":"2022-12-05T14:38:26","guid":{"rendered":"https:\/\/www.ceab.csic.es\/lurl-un-laboratori-consolidat-per-fer-recerca-aplicada-i-idi-per-fer-front-a-reptes-globals-en-ecologia-fluvial\/"},"modified":"2022-12-05T15:38:26","modified_gmt":"2022-12-05T14:38:26","slug":"lurl-un-laboratori-consolidat-per-fer-recerca-aplicada-i-idi-per-fer-front-a-reptes-globals-en-ecologia-fluvial","status":"publish","type":"post","link":"https:\/\/www.ceab.csic.es\/es\/lurl-un-laboratori-consolidat-per-fer-recerca-aplicada-i-idi-per-fer-front-a-reptes-globals-en-ecologia-fluvial\/","title":{"rendered":"L\u2019URL, un laboratori consolidat per fer recerca aplicada i I+D+i per  fer front a reptes globals en  ecologia fluvial"},"content":{"rendered":"<p><span lang=\"ca-ES\">En l\u2019actual context de crisi clim\u00e0tica i escassetat d\u2019aigua, \u00e9s especialment important millorar la qualitat de l\u2019aigua tractada que surt de les estacions depuradores d\u2019aig\u00fces residuals (EDAR) per contribuir a una gesti\u00f3 m\u00e9s eficient dels recursos h\u00eddrics i preservar els ecosistemes fluvials. I ho \u00e9s encara m\u00e9s, buscant solucions innovadores basades en el que ens pot aportar la pr\u00f2pia naturalesa.<\/span><\/p>\n<p><span lang=\"ca-ES\">Amb aquest objectiu es va crear l&#8217;<u><a href=\"https:\/\/urbanriverlab.com\/\">Urban River Lab<\/a><\/u> (URL), un exemple singular i pioner a tot l\u2019Estat, al ser una infraestructura d\u2019I+D+i de col\u00b7laboraci\u00f3 p\u00fablico-privada orientada a la recerca i a la innovaci\u00f3 social, oferint solucions basades en la natura a grans reptes actuals. Ubicat a l\u2019<b>EDAR Montorn\u00e8s del Vall\u00e8s<\/b>, l\u2019URL est\u00e0 actiu des de l&#8217;any 2014, i s\u2019hi desenvolupen, de manera col\u00b7laborativa, estrat\u00e8gies i t\u00e8cniques innovadores per millorar la gesti\u00f3 dels rius urbans i per assolir una gesti\u00f3 m\u00e9s eficient de l&#8217;aigua dol\u00e7a. En aquest sentit, l\u2019URL destaca com a una infraestructura de futur i un exemple singular i \u00fanic d\u2019intercanvi i transfer\u00e8ncia de coneixement entre el m\u00f3n acad\u00e8mic, l\u2019empresa, l\u2019administraci\u00f3 i la societat que, liderat des de Catalunya, opera tant a nivell local, regional com internacional.<br \/>\n<\/span><\/p>\n<h3><span lang=\"ca-ES\"><b>El nou conveni referma la voluntat de continuar apostant pel projecte<\/b><\/span><\/h3>\n<p><span lang=\"ca-ES\">La signatura de renovaci\u00f3 del conveni, que ha de regular l\u2019activitat de l\u2019URL durant els pr\u00f2xims quatre anys, va tenir lloc el passat divendres, 2 de desembre, a la seu del CEAB-CSIC, en el marc de la <b>Jornada URL: <\/b><b>\u201cRecerca per afrontar els reptes de crisi clim\u00e0tica i canvi global en els ecosistemes fluvials\u201d, <\/b>que va aplegar una setantena de persones de diferents entitats i administracions.<\/span><\/p>\n<p>Cap a les 10 hores s\u2019oficialitzava l\u2019acte de signatura, que va anar a c\u00e0rrec de <b>Marc Rius<\/b>, director del CEAB-CSIC; <b>Llu\u00eds Calvo<\/b>, representant del CSIC a Catalunya; <b>Josep Monr\u00e0s<\/b>, vicepresident del Consorci Bes\u00f2s Tordera i patr\u00f3 de la Fundaci\u00f3 RIVUS; <b>Albert Sorolla<\/b>, director t\u00e8cnic de Naturalea<b>, Teresa Sauras<\/b>, delegada del rector per a la sostenibilitat de la Universitat de Barcelona, i <b>Jos\u00e9 Antonio Montero<\/b>, alcalde de Montorn\u00e8s del Vall\u00e8s, encarregats de rubricar el conveni de col\u00b7laboraci\u00f3 que regular\u00e0, d\u2019ara endavant, l\u2019activitat d\u2019aquest laboratori experimental.Totes les institucions van mostrar el seu agra\u00efment emfatitzant en l\u2019enorme esfor\u00e7 i col\u00b7laboraci\u00f3 de totes les entitats que ha fet possible la consolidaci\u00f3 del projecte.<\/p>\n<p><span lang=\"ca-ES\"><b><img fetchpriority=\"high\" decoding=\"async\" class=\"size-full wp-image-56041 aligncenter\" src=\"https:\/\/www.ceab.csic.es\/site\/wp-content\/uploads\/2022\/12\/foto-familia.jpg\" alt=\" width=\"1200\" height=\"745\" \/>Marc Rius <\/b>destacava <i>\u201cel comprom\u00eds i convenciment total del centre per continuar amb aquesta iniciativa\u201d<\/i>. De la mateixa manera, <b>Llu\u00eds Calvo <\/b>refermava la <i>\u201cnecessitat de treballar amb i entre institucions\u201d<\/i>. <\/span><\/p>\n<p><span lang=\"ca-ES\"><b>Josep Monr\u00e0s <\/b>puntualitzava que <i>\u201cencara queda un cam\u00ed llarg per rec\u00f3rrer i per aix\u00f2 cal continuar invertint en recerca i innovaci\u00f3, per\u00f2 tamb\u00e9 en divulgaci\u00f3, per afrontar els nous reptes del futur\u201d<\/i>. <\/span><\/p>\n<p><span lang=\"ca-ES\">\u201c<i>L\u2019URL \u00e9s ara mateix, una eina indispensable per fer recerca i per tant, aprendre com reduir l\u2019efecte de l\u2019activitat antr\u00f2pica sobre els ecosistemes fluvials\u201d<\/i>, manifestava durant la seva intervenci\u00f3 <b>Albert Sorolla<\/b>. <i>\u201cLa plataforma de l\u2019URL permet fer el salt de la recerca b\u00e0sica a la recerca aplicada i, per tant, transferir la recerca que s\u2019hi fa a gestors i administracions\u201d<\/i>, explicava <b>Teresa Sauras.<\/b><\/span><\/p>\n<p><span lang=\"ca-ES\"><b>Jos\u00e9 A. Montero <\/b>exposava que <i>\u201cdisposar d\u2019unes instal\u00b7lacions de recerca en el municipi ens ha perm\u00e8s apropar la investigaci\u00f3 cient\u00edfica a la ciutadania\u201d<\/i>.<\/span><\/p>\n<h3><span lang=\"ca-ES\"><b>De la recerca b\u00e0sica cap a la innovaci\u00f3 i la recerca aplicada<br \/>\n<\/b><\/span><\/h3>\n<p align=\"justify\"><span lang=\"ca-ES\">Tocades les 10 hores, l\u2019equip cient\u00edfic i t\u00e8cnic vinculat a l\u2019URL des dels seus inicis, van oferir diverses pon\u00e8ncies (disponibles <b>aqu\u00ed<\/b>) que van servir per copsar qu\u00e8 s\u2019ha fet dins aquesta plataforma experimental fins al moment, com s\u2019han aplicat els seus resultats i cap a on es dirigeixen les seves investigacions i resultats.<\/span><\/p>\n<p align=\"justify\"><span lang=\"ca-ES\"><b>Eug\u00e8nia Mart\u00ed<\/b>, investigadora del CEAB-CSIC, amb la seva pon\u00e8ncia <b>\u201cL\u2019URL, una plataforma experimental per a la recerca en rius urbans mediterranis\u201d <\/b>va presentar les caracter\u00edstiques singulars d\u2019aquesta infraestructura: quasi 250 metres de canals artificials a cel obert, a tocar d\u2019una EDAR, que permeten reproduir de manera experimental els processos que succeeixen en ecosistemes fluvials, i en especial, en rius mediterranis. Per la seva banda, <b>Francesc Sabater<\/b>, professor i investigador de la Universitat de Barcelona, va exposar les bases te\u00f2riques que sustenten la instal\u00b7laci\u00f3, amb la xerrada <b>\u201cImport\u00e0ncia dels trets funcionals dels macr\u00f2fits en solucions basades en la natura\u201d<\/b> i com ens poden ajudar en la restauraci\u00f3 ecol\u00f2gica.<\/span><\/p>\n<p align=\"justify\"><span lang=\"ca-ES\"><b><img decoding=\"async\" class=\"size-full wp-image-56044 aligncenter\" src=\"https:\/\/www.ceab.csic.es\/site\/wp-content\/uploads\/2022\/12\/URL_ponents.png\" alt=\" width=\"1590\" height=\"380\" \/>Esperan\u00e7a Gacia<\/b><\/span><span lang=\"ca-ES\">, investigadora del CEAB-CSIC, va parlar sobre <\/span><span lang=\"ca-ES\"><b>\u201cBioenginyeria i retenci\u00f3 de soluts en ecosistemes aqu\u00e0tics receptors d\u2019efluents d\u2019EDAR\u201d<\/b><\/span><span lang=\"ca-ES\">; i <\/span><span lang=\"ca-ES\"><b>Miquel Ribot<\/b><\/span><span lang=\"ca-ES\">, qui tamb\u00e9 \u00e9s investigador el centre blanenc, va presentar la pon\u00e8ncia <\/span><span lang=\"ca-ES\"><b>\u201cTancant el Cercle: \u00fas d\u2019un residu industrial per a millorar la qualitat d\u2019aig\u00fces residuals depurades\u201d<\/b><\/span><span lang=\"ca-ES\">. Les pon\u00e8ncies posteriors van posar de manifest com el coneixement adquirit es pot aplicar en solucions innovadores basades en la naturalesa. Aix\u00ed, el director t\u00e8cnic de Naturalea, <\/span><span lang=\"ca-ES\"><b>Albert Sorolla<\/b><\/span><span lang=\"ca-ES\">, va mostrar <\/span><span lang=\"ca-ES\"><b>\u201cExemples d\u2019aplicaci\u00f3 de les t\u00e8cniques desenvolupades a l&#8217;URL. Transfer\u00e8ncia de coneixement en l\u2019execuci\u00f3 d\u2019obra p\u00fablica<\/b><\/span><span lang=\"ca-ES\">. Finalment, el responsable de Medi Fluvial del Consorci Bes\u00f2s Tordera, <\/span><span lang=\"ca-ES\"><b>Manel Isnard<\/b><\/span><span lang=\"ca-ES\">, va detallar algunes <\/span><span lang=\"ca-ES\"><b>\u201cSolucions a la problem\u00e0tica dels rius mediterranis. El cas del riu Bes\u00f2s\u201d<\/b><\/span><span lang=\"ca-ES\">, destacant que l\u2019aprenentatge i experi\u00e8ncia al riu Bes\u00f2s podria exportar-se arreu. <\/span><\/p>\n<p align=\"justify\"><span lang=\"ca-ES\">La cloenda de la jornada va anar a c\u00e0rrec de <\/span><span lang=\"ca-ES\"><b>Samuel Reyes<\/b><\/span><span lang=\"ca-ES\">, director de la <\/span><span lang=\"ca-ES\"><b>Ag\u00e8ncia Catalana del Agua<\/b><\/span><span lang=\"ca-ES\"> (ACA), qui, per una banda, va felicitar el Consorci Bes\u00f2s Tordera per la seva excel\u00b7l\u00e8ncia en l\u2019aplicaci\u00f3 de t\u00e8cniques de sanejament d\u2019aig\u00fces residuals i, per l\u2019altra, va agrair i <\/span><span lang=\"ca-ES\">destacar la feina dels cient\u00edfics i cient\u00edfiques per la recerca pionera que es duu a terme a l\u2019URL ressaltant la magn\u00edfica col\u00b7laboraci\u00f3 de les diferents entitats que conformen el laboratori. <i>\u201cLa recerca i el treball coordinat entre administracions, m\u00f3n cient\u00edfic i tecnol\u00f2gic \u00e9s clau per avan\u00e7ar en la millora de la qualitat de les masses d\u2019aigua i tamb\u00e9 en l\u2019efici\u00e8ncia energ\u00e8tica de tot el cicle de l\u2019aigua\u201d<\/i>, va concloure.<\/span><\/p>\n","protected":false},"excerpt":{"rendered":"<p>En l\u2019actual context de crisi clim\u00e0tica i escassetat d\u2019aigua, \u00e9s especialment important millorar la qualitat de l\u2019aigua tractada que surt de les estacions depuradores d\u2019aig\u00fces residuals (EDAR) per contribuir a una gesti\u00f3 m\u00e9s eficient dels recursos h\u00eddrics i preservar els ecosistemes fluvials. I ho \u00e9s encara m\u00e9s, buscant solucions innovadores basades en el que ens&hellip;&nbsp;<a href=\"https:\/\/www.ceab.csic.es\/es\/lurl-un-laboratori-consolidat-per-fer-recerca-aplicada-i-idi-per-fer-front-a-reptes-globals-en-ecologia-fluvial\/\" rel=\"bookmark\"><span class=\"screen-reader-text\">L\u2019URL, un laboratori consolidat per fer recerca aplicada i I+D+i per  fer front a reptes globals en  ecologia fluvial<\/span><\/a><\/p>\n","protected":false},"author":4,"featured_media":9002,"comment_status":"closed","ping_status":"closed","sticky":false,"template":"","format":"standard","meta":{"_acf_changed":false,"neve_meta_sidebar":"","neve_meta_container":"","neve_meta_enable_content_width":"","neve_meta_content_width":0,"neve_meta_title_alignment":"","neve_meta_author_avatar":"","neve_post_elements_order":"","neve_meta_disable_header":"","neve_meta_disable_footer":"","neve_meta_disable_title":"","footnotes":""},"categories":[335],"tags":[695,91,697,698,607],"class_list":["post-9357","post","type-post","status-publish","format-standard","has-post-thumbnail","hentry","category-sin-categorizar","tag-crisi-climatica","tag-ecosistemes-fluvials","tag-idi","tag-jornada-url","tag-url"],"acf":[],"yoast_head":"<!-- This site is optimized with the Yoast SEO plugin v24.6 - https:\/\/yoast.com\/wordpress\/plugins\/seo\/ -->\n<title>L\u2019URL, un laboratori consolidat per fer recerca aplicada i I+D+i per fer front a reptes globals en ecologia fluvial | CEAB<\/title>\n<meta name=\"robots\" content=\"index, follow, max-snippet:-1, max-image-preview:large, max-video-preview:-1\" \/>\n<link rel=\"canonical\" href=\"https:\/\/www.ceab.csic.es\/es\/lurl-un-laboratori-consolidat-per-fer-recerca-aplicada-i-idi-per-fer-front-a-reptes-globals-en-ecologia-fluvial\/\" \/>\n<meta property=\"og:locale\" content=\"es_ES\" \/>\n<meta property=\"og:type\" content=\"article\" \/>\n<meta property=\"og:title\" content=\"L\u2019URL, un laboratori consolidat per fer recerca aplicada i I+D+i per fer front a reptes globals en ecologia fluvial | CEAB\" \/>\n<meta property=\"og:description\" content=\"En l\u2019actual context de crisi clim\u00e0tica i escassetat d\u2019aigua, \u00e9s especialment important millorar la qualitat de l\u2019aigua tractada que surt de les estacions depuradores d\u2019aig\u00fces residuals (EDAR) per contribuir a una gesti\u00f3 m\u00e9s eficient dels recursos h\u00eddrics i preservar els ecosistemes fluvials. I ho \u00e9s encara m\u00e9s, buscant solucions innovadores basades en el que ens&hellip;&nbsp;L\u2019URL, un laboratori consolidat per fer recerca aplicada i I+D+i per fer front a reptes globals en ecologia fluvial\" \/>\n<meta property=\"og:url\" content=\"https:\/\/www.ceab.csic.es\/es\/lurl-un-laboratori-consolidat-per-fer-recerca-aplicada-i-idi-per-fer-front-a-reptes-globals-en-ecologia-fluvial\/\" \/>\n<meta property=\"og:site_name\" content=\"CEAB\" \/>\n<meta property=\"article:published_time\" content=\"2022-12-05T14:38:26+00:00\" \/>\n<meta property=\"og:image\" content=\"https:\/\/www.ceab.csic.es\/wp-content\/uploads\/2024\/04\/jornada-url-1.jpg\" \/>\n\t<meta property=\"og:image:width\" content=\"1200\" \/>\n\t<meta property=\"og:image:height\" content=\"774\" \/>\n\t<meta property=\"og:image:type\" content=\"image\/jpeg\" \/>\n<meta name=\"author\" content=\"Marta Mora\" \/>\n<meta name=\"twitter:card\" content=\"summary_large_image\" \/>\n<meta name=\"twitter:creator\" content=\"@ceabcsic\" \/>\n<meta name=\"twitter:site\" content=\"@ceabcsic\" \/>\n<meta name=\"twitter:label1\" content=\"Escrito por\" \/>\n\t<meta name=\"twitter:data1\" content=\"Marta Mora\" \/>\n\t<meta name=\"twitter:label2\" content=\"Tiempo de lectura\" \/>\n\t<meta name=\"twitter:data2\" content=\"4 minutos\" \/>\n<script type=\"application\/ld+json\" class=\"yoast-schema-graph\">{\"@context\":\"https:\/\/schema.org\",\"@graph\":[{\"@type\":\"WebPage\",\"@id\":\"https:\/\/www.ceab.csic.es\/es\/lurl-un-laboratori-consolidat-per-fer-recerca-aplicada-i-idi-per-fer-front-a-reptes-globals-en-ecologia-fluvial\/\",\"url\":\"https:\/\/www.ceab.csic.es\/es\/lurl-un-laboratori-consolidat-per-fer-recerca-aplicada-i-idi-per-fer-front-a-reptes-globals-en-ecologia-fluvial\/\",\"name\":\"L\u2019URL, un laboratori consolidat per fer recerca aplicada i I+D+i per fer front a reptes globals en ecologia fluvial | CEAB\",\"isPartOf\":{\"@id\":\"https:\/\/www.ceab.csic.es\/es\/#website\"},\"primaryImageOfPage\":{\"@id\":\"https:\/\/www.ceab.csic.es\/es\/lurl-un-laboratori-consolidat-per-fer-recerca-aplicada-i-idi-per-fer-front-a-reptes-globals-en-ecologia-fluvial\/#primaryimage\"},\"image\":{\"@id\":\"https:\/\/www.ceab.csic.es\/es\/lurl-un-laboratori-consolidat-per-fer-recerca-aplicada-i-idi-per-fer-front-a-reptes-globals-en-ecologia-fluvial\/#primaryimage\"},\"thumbnailUrl\":\"https:\/\/www.ceab.csic.es\/wp-content\/uploads\/2024\/04\/jornada-url-1.jpg\",\"datePublished\":\"2022-12-05T14:38:26+00:00\",\"author\":{\"@id\":\"https:\/\/www.ceab.csic.es\/es\/#\/schema\/person\/845845b9248f47781893a0fc9e221990\"},\"breadcrumb\":{\"@id\":\"https:\/\/www.ceab.csic.es\/es\/lurl-un-laboratori-consolidat-per-fer-recerca-aplicada-i-idi-per-fer-front-a-reptes-globals-en-ecologia-fluvial\/#breadcrumb\"},\"inLanguage\":\"es\",\"potentialAction\":[{\"@type\":\"ReadAction\",\"target\":[\"https:\/\/www.ceab.csic.es\/es\/lurl-un-laboratori-consolidat-per-fer-recerca-aplicada-i-idi-per-fer-front-a-reptes-globals-en-ecologia-fluvial\/\"]}]},{\"@type\":\"ImageObject\",\"inLanguage\":\"es\",\"@id\":\"https:\/\/www.ceab.csic.es\/es\/lurl-un-laboratori-consolidat-per-fer-recerca-aplicada-i-idi-per-fer-front-a-reptes-globals-en-ecologia-fluvial\/#primaryimage\",\"url\":\"https:\/\/www.ceab.csic.es\/wp-content\/uploads\/2024\/04\/jornada-url-1.jpg\",\"contentUrl\":\"https:\/\/www.ceab.csic.es\/wp-content\/uploads\/2024\/04\/jornada-url-1.jpg\",\"width\":1200,\"height\":774},{\"@type\":\"BreadcrumbList\",\"@id\":\"https:\/\/www.ceab.csic.es\/es\/lurl-un-laboratori-consolidat-per-fer-recerca-aplicada-i-idi-per-fer-front-a-reptes-globals-en-ecologia-fluvial\/#breadcrumb\",\"itemListElement\":[{\"@type\":\"ListItem\",\"position\":1,\"name\":\"Inici\",\"item\":\"https:\/\/www.ceab.csic.es\/es\/\"},{\"@type\":\"ListItem\",\"position\":2,\"name\":\"L\u2019URL, un laboratori consolidat per fer recerca aplicada i I+D+i per fer front a reptes globals en ecologia fluvial\"}]},{\"@type\":\"WebSite\",\"@id\":\"https:\/\/www.ceab.csic.es\/es\/#website\",\"url\":\"https:\/\/www.ceab.csic.es\/es\/\",\"name\":\"CEAB\",\"description\":\"Centre Estudis Avan\u00e7ats de Blanes\",\"alternateName\":\"CEAB\",\"potentialAction\":[{\"@type\":\"SearchAction\",\"target\":{\"@type\":\"EntryPoint\",\"urlTemplate\":\"https:\/\/www.ceab.csic.es\/es\/?s={search_term_string}\"},\"query-input\":{\"@type\":\"PropertyValueSpecification\",\"valueRequired\":true,\"valueName\":\"search_term_string\"}}],\"inLanguage\":\"es\"},{\"@type\":\"Person\",\"@id\":\"https:\/\/www.ceab.csic.es\/es\/#\/schema\/person\/845845b9248f47781893a0fc9e221990\",\"name\":\"Marta Mora\",\"image\":{\"@type\":\"ImageObject\",\"inLanguage\":\"es\",\"@id\":\"https:\/\/www.ceab.csic.es\/es\/#\/schema\/person\/image\/\",\"url\":\"https:\/\/secure.gravatar.com\/avatar\/7d494bb8306b3f696f20fc42d6d8cac9?s=96&d=mm&r=g\",\"contentUrl\":\"https:\/\/secure.gravatar.com\/avatar\/7d494bb8306b3f696f20fc42d6d8cac9?s=96&d=mm&r=g\",\"caption\":\"Marta Mora\"},\"sameAs\":[\"https:\/\/www.ceab.csic.es\/\"]}]}<\/script>\n<!-- \/ Yoast SEO plugin. -->","yoast_head_json":{"title":"L\u2019URL, un laboratori consolidat per fer recerca aplicada i I+D+i per fer front a reptes globals en ecologia fluvial | CEAB","robots":{"index":"index","follow":"follow","max-snippet":"max-snippet:-1","max-image-preview":"max-image-preview:large","max-video-preview":"max-video-preview:-1"},"canonical":"https:\/\/www.ceab.csic.es\/es\/lurl-un-laboratori-consolidat-per-fer-recerca-aplicada-i-idi-per-fer-front-a-reptes-globals-en-ecologia-fluvial\/","og_locale":"es_ES","og_type":"article","og_title":"L\u2019URL, un laboratori consolidat per fer recerca aplicada i I+D+i per fer front a reptes globals en ecologia fluvial | CEAB","og_description":"En l\u2019actual context de crisi clim\u00e0tica i escassetat d\u2019aigua, \u00e9s especialment important millorar la qualitat de l\u2019aigua tractada que surt de les estacions depuradores d\u2019aig\u00fces residuals (EDAR) per contribuir a una gesti\u00f3 m\u00e9s eficient dels recursos h\u00eddrics i preservar els ecosistemes fluvials. I ho \u00e9s encara m\u00e9s, buscant solucions innovadores basades en el que ens&hellip;&nbsp;L\u2019URL, un laboratori consolidat per fer recerca aplicada i I+D+i per fer front a reptes globals en ecologia fluvial","og_url":"https:\/\/www.ceab.csic.es\/es\/lurl-un-laboratori-consolidat-per-fer-recerca-aplicada-i-idi-per-fer-front-a-reptes-globals-en-ecologia-fluvial\/","og_site_name":"CEAB","article_published_time":"2022-12-05T14:38:26+00:00","og_image":[{"width":1200,"height":774,"url":"https:\/\/www.ceab.csic.es\/wp-content\/uploads\/2024\/04\/jornada-url-1.jpg","type":"image\/jpeg"}],"author":"Marta Mora","twitter_card":"summary_large_image","twitter_creator":"@ceabcsic","twitter_site":"@ceabcsic","twitter_misc":{"Escrito por":"Marta Mora","Tiempo de lectura":"4 minutos"},"schema":{"@context":"https:\/\/schema.org","@graph":[{"@type":"WebPage","@id":"https:\/\/www.ceab.csic.es\/es\/lurl-un-laboratori-consolidat-per-fer-recerca-aplicada-i-idi-per-fer-front-a-reptes-globals-en-ecologia-fluvial\/","url":"https:\/\/www.ceab.csic.es\/es\/lurl-un-laboratori-consolidat-per-fer-recerca-aplicada-i-idi-per-fer-front-a-reptes-globals-en-ecologia-fluvial\/","name":"L\u2019URL, un laboratori consolidat per fer recerca aplicada i I+D+i per fer front a reptes globals en ecologia fluvial | CEAB","isPartOf":{"@id":"https:\/\/www.ceab.csic.es\/es\/#website"},"primaryImageOfPage":{"@id":"https:\/\/www.ceab.csic.es\/es\/lurl-un-laboratori-consolidat-per-fer-recerca-aplicada-i-idi-per-fer-front-a-reptes-globals-en-ecologia-fluvial\/#primaryimage"},"image":{"@id":"https:\/\/www.ceab.csic.es\/es\/lurl-un-laboratori-consolidat-per-fer-recerca-aplicada-i-idi-per-fer-front-a-reptes-globals-en-ecologia-fluvial\/#primaryimage"},"thumbnailUrl":"https:\/\/www.ceab.csic.es\/wp-content\/uploads\/2024\/04\/jornada-url-1.jpg","datePublished":"2022-12-05T14:38:26+00:00","author":{"@id":"https:\/\/www.ceab.csic.es\/es\/#\/schema\/person\/845845b9248f47781893a0fc9e221990"},"breadcrumb":{"@id":"https:\/\/www.ceab.csic.es\/es\/lurl-un-laboratori-consolidat-per-fer-recerca-aplicada-i-idi-per-fer-front-a-reptes-globals-en-ecologia-fluvial\/#breadcrumb"},"inLanguage":"es","potentialAction":[{"@type":"ReadAction","target":["https:\/\/www.ceab.csic.es\/es\/lurl-un-laboratori-consolidat-per-fer-recerca-aplicada-i-idi-per-fer-front-a-reptes-globals-en-ecologia-fluvial\/"]}]},{"@type":"ImageObject","inLanguage":"es","@id":"https:\/\/www.ceab.csic.es\/es\/lurl-un-laboratori-consolidat-per-fer-recerca-aplicada-i-idi-per-fer-front-a-reptes-globals-en-ecologia-fluvial\/#primaryimage","url":"https:\/\/www.ceab.csic.es\/wp-content\/uploads\/2024\/04\/jornada-url-1.jpg","contentUrl":"https:\/\/www.ceab.csic.es\/wp-content\/uploads\/2024\/04\/jornada-url-1.jpg","width":1200,"height":774},{"@type":"BreadcrumbList","@id":"https:\/\/www.ceab.csic.es\/es\/lurl-un-laboratori-consolidat-per-fer-recerca-aplicada-i-idi-per-fer-front-a-reptes-globals-en-ecologia-fluvial\/#breadcrumb","itemListElement":[{"@type":"ListItem","position":1,"name":"Inici","item":"https:\/\/www.ceab.csic.es\/es\/"},{"@type":"ListItem","position":2,"name":"L\u2019URL, un laboratori consolidat per fer recerca aplicada i I+D+i per fer front a reptes globals en ecologia fluvial"}]},{"@type":"WebSite","@id":"https:\/\/www.ceab.csic.es\/es\/#website","url":"https:\/\/www.ceab.csic.es\/es\/","name":"CEAB","description":"Centre Estudis Avan\u00e7ats de Blanes","alternateName":"CEAB","potentialAction":[{"@type":"SearchAction","target":{"@type":"EntryPoint","urlTemplate":"https:\/\/www.ceab.csic.es\/es\/?s={search_term_string}"},"query-input":{"@type":"PropertyValueSpecification","valueRequired":true,"valueName":"search_term_string"}}],"inLanguage":"es"},{"@type":"Person","@id":"https:\/\/www.ceab.csic.es\/es\/#\/schema\/person\/845845b9248f47781893a0fc9e221990","name":"Marta Mora","image":{"@type":"ImageObject","inLanguage":"es","@id":"https:\/\/www.ceab.csic.es\/es\/#\/schema\/person\/image\/","url":"https:\/\/secure.gravatar.com\/avatar\/7d494bb8306b3f696f20fc42d6d8cac9?s=96&d=mm&r=g","contentUrl":"https:\/\/secure.gravatar.com\/avatar\/7d494bb8306b3f696f20fc42d6d8cac9?s=96&d=mm&r=g","caption":"Marta Mora"},"sameAs":["https:\/\/www.ceab.csic.es\/"]}]}},"_links":{"self":[{"href":"https:\/\/www.ceab.csic.es\/es\/wp-json\/wp\/v2\/posts\/9357","targetHints":{"allow":["GET"]}}],"collection":[{"href":"https:\/\/www.ceab.csic.es\/es\/wp-json\/wp\/v2\/posts"}],"about":[{"href":"https:\/\/www.ceab.csic.es\/es\/wp-json\/wp\/v2\/types\/post"}],"author":[{"embeddable":true,"href":"https:\/\/www.ceab.csic.es\/es\/wp-json\/wp\/v2\/users\/4"}],"replies":[{"embeddable":true,"href":"https:\/\/www.ceab.csic.es\/es\/wp-json\/wp\/v2\/comments?post=9357"}],"version-history":[{"count":0,"href":"https:\/\/www.ceab.csic.es\/es\/wp-json\/wp\/v2\/posts\/9357\/revisions"}],"wp:featuredmedia":[{"embeddable":true,"href":"https:\/\/www.ceab.csic.es\/es\/wp-json\/wp\/v2\/media\/9002"}],"wp:attachment":[{"href":"https:\/\/www.ceab.csic.es\/es\/wp-json\/wp\/v2\/media?parent=9357"}],"wp:term":[{"taxonomy":"category","embeddable":true,"href":"https:\/\/www.ceab.csic.es\/es\/wp-json\/wp\/v2\/categories?post=9357"},{"taxonomy":"post_tag","embeddable":true,"href":"https:\/\/www.ceab.csic.es\/es\/wp-json\/wp\/v2\/tags?post=9357"}],"curies":[{"name":"wp","href":"https:\/\/api.w.org\/{rel}","templated":true}]}}