{"id":9441,"date":"2024-04-05T07:58:31","date_gmt":"2024-04-05T05:58:31","guid":{"rendered":"https:\/\/www.ceab.csic.es\/ocean-decade-conference-la-cimera-de-la-unesco-per-definir-lestrategia-comuna-de-proteccio-de-locea\/"},"modified":"2024-04-05T07:58:31","modified_gmt":"2024-04-05T05:58:31","slug":"ocean-decade-conference-la-cimera-de-la-unesco-per-definir-lestrategia-comuna-de-proteccio-de-locea","status":"publish","type":"post","link":"https:\/\/www.ceab.csic.es\/es\/ocean-decade-conference-la-cimera-de-la-unesco-per-definir-lestrategia-comuna-de-proteccio-de-locea\/","title":{"rendered":"OCEAN DECADE CONFERENCE: el congreso PARA DEFINIR LA ESTRATEGIA COM\u00daN DE PROTECCI\u00d3N DEL OCE\u00c1No"},"content":{"rendered":"<h3>El evento se celebra en la ciudad de Barcelona entre estos 8 y 12 de abril. Se han previsto ponencias, presentaciones, mesas redondas y numerosos eventos paralelos en los que profesionales, expertos en distintos \u00e1mbitos, podr\u00e1n poner en com\u00fan sus conocimientos sobre las principales amenazas que afronta el oc\u00e9ano y sobre posibles v\u00edas de soluci\u00f3n.<\/h3>\n<p>Se busca elaborar una hoja de ruta, con las acciones prioritarias a desarrollar en los pr\u00f3ximos a\u00f1os. Ser\u00e1 la \u00abDeclaraci\u00f3n de Barcelona\u00bb, que se emitir\u00eda una vez finalizado el evento.<\/p>\n<p><strong>La <a href=\"https:\/\/oceandecade.org\/es\/news\/2024-ocean-decade-conference-initiating-a-new-chapter-of-global-ocean-action\/\">Conferencia de la UNESCO<\/a> est\u00e1 organizada, entre otros, por el Consejo Superior de Investigaciones Cient\u00edficas y cuenta con la participaci\u00f3n de numerosos investigadores e investigadoras de los centros del CSIC, entre ellos el CEAB-CSIC<\/strong>.<\/p>\n<p>Cient\u00edficos del CEAB llevar\u00e1n a cabo presentaciones y participar\u00e1n en actos paralelos, como las proyecciones de documentales basados \u200b\u200ben la labor de investigaci\u00f3n.<\/p>\n<p>Uno de los investigadores que participar\u00e1 es <strong>Rafael Sard\u00e1, que el d\u00eda 11 hacia el mediod\u00eda hablar\u00e1 de la <a href=\"https:\/\/www.ceab.csic.es\/es\/el-financial-times-premia-una-investigacio-liderada-pel-ceab-csic\/\">investigaci\u00f3n \u201cBussiness for Ocean Sustainability\u201d, premiada por el Financial Times<\/a><\/strong>, y que propone estrategias, pr\u00e1cticas y tecnolog\u00edas innovadoras para las organizaciones empresariales, caminando hacia una econom\u00eda respetuosa con el oc\u00e9ano y con toda la naturaleza.<\/p>\n<p>Unos d\u00edas antes, el <strong>lunes 8 de abril<\/strong>, se hablar\u00e1 de otra investigaci\u00f3n en la que participa el propio Sard\u00e1, del proyecto Biopa\u00eds, que analiza los <strong>impactos ambientales y sociales de la implantaci\u00f3n de macro parques e\u00f3licos<\/strong> en \u00e1reas protegidas del Mediterr\u00e1neo.<\/p>\n<p><strong>Al d\u00eda siguiente, 9 de abril, de 11,30 ha 13,30 h, se hablar\u00e1 de restauraci\u00f3n marina y costera eficaz. <\/strong>En esta mesa redonda participar\u00e1 una investigadora que colabora de forma habitual con el grupo de investigaci\u00f3n funcionamiento de los ecosistemas bent\u00f3nicos del CEAB-CSIC. Se trata de Adriana Verg\u00e9s, que compartir\u00e1 sus conocimientos sobre la restauraci\u00f3n de bosques de kelp y otras macro algas.<\/p>\n<p><strong>Otros investigadores del Centro como\u00a0 Jordi Boada o Rafa Marc\u00e8 tambi\u00e9n participar\u00e1n en el evento<\/strong>, concretamente en los actos paralelos y abiertos a toda la ciudadan\u00eda.<\/p>\n<p>El d\u00eda 8, en la <a href=\"https:\/\/www.eventbrite.es\/e\/ocean-decade-movie-day-tickets-868766663477?aff=ebdsoporgprofile\"><strong>Filmoteca de Catalunya se celebrar\u00e1 el Ocean Decade Movie Day<\/strong><\/a>. A partir de las 16 h se proyectar\u00e1n los documentales <strong>\u201cMemorias de un Mar<\/strong>\u201d- dirigido por Laura Carrau y que narra la expedici\u00f3n cient\u00edfica al Mar de Aral liderada por Rafa Marc\u00e8- y <strong>\u201cMED2050: M\u00e1s piezas que pl\u00e1sticos en el mar !\u201d<\/strong>, que reflexiona sobre el estado del Mediterr\u00e1neo y las acciones para mejorarlo y protegerlo. Este segundo documental y la iniciativa de Good Karma Projects MED2050 cuentan con la colaboraci\u00f3n del tambi\u00e9n investigador del CEAB-CSIC Jordi Boada, as\u00ed como de otros miembros del grupo que estudia el funcionamiento de los ecosistemas bent\u00f3nicos. El proyecto de Good Karma para mejorar el Mediterr\u00e1neo tambi\u00e9n se dar\u00e1 a conocer a trav\u00e9s de una <strong>exposici\u00f3n fotogr\u00e1fica<\/strong> exhibida en la sede del ICM-CSIC.<\/p>\n<h3>La Ocean Decade<\/h3>\n<p>Las Naciones Unidas lanzaron en 2021 la D\u00e9cada del Oc\u00e9ano para \u201crestaurar la capacidad del oc\u00e9ano de mantener la humanidad y regular el clima\u201d y establecieron como l\u00edmite temporal en 2030. La UNESCO ha asumido el papel de promover durante esta d\u00e9cada la acci\u00f3n para \u00absalvar los oc\u00e9anos\u00bb, abriendo la participaci\u00f3n a todos los agentes implicados: no s\u00f3lo a cient\u00edficos, sino tambi\u00e9n a empresas, entidades del tercer sector y a toda la ciudadan\u00eda.<\/p>\n<h5>Toda la informaci\u00f3n sobre la Ocean Decade Conference, <a href=\"https:\/\/oceandecade.org\/es\/news\/2024-ocean-decade-conference-initiating-a-new-chapter-of-global-ocean-action\/\">en este enlace<\/a>.<\/h5>\n","protected":false},"excerpt":{"rendered":"<p>El evento se celebra en la ciudad de Barcelona entre estos 8 y 12 de abril. Se han previsto ponencias, presentaciones, mesas redondas y numerosos eventos paralelos en los que profesionales, expertos en distintos \u00e1mbitos, podr\u00e1n poner en com\u00fan sus conocimientos sobre las principales amenazas que afronta el oc\u00e9ano y sobre posibles v\u00edas de soluci\u00f3n.&hellip;&nbsp;<a href=\"https:\/\/www.ceab.csic.es\/es\/ocean-decade-conference-la-cimera-de-la-unesco-per-definir-lestrategia-comuna-de-proteccio-de-locea\/\" rel=\"bookmark\"><span class=\"screen-reader-text\">OCEAN DECADE CONFERENCE: el congreso PARA DEFINIR LA ESTRATEGIA COM\u00daN DE PROTECCI\u00d3N DEL OCE\u00c1No<\/span><\/a><\/p>\n","protected":false},"author":3,"featured_media":10107,"comment_status":"closed","ping_status":"closed","sticky":false,"template":"","format":"standard","meta":{"_acf_changed":false,"neve_meta_sidebar":"","neve_meta_container":"","neve_meta_enable_content_width":"","neve_meta_content_width":0,"neve_meta_title_alignment":"","neve_meta_author_avatar":"","neve_post_elements_order":"","neve_meta_disable_header":"","neve_meta_disable_footer":"","neve_meta_disable_title":"","footnotes":""},"categories":[24,1,335],"tags":[640],"class_list":["post-9441","post","type-post","status-publish","format-standard","has-post-thumbnail","hentry","category-destacades","category-sense-categoria","category-sin-categorizar","tag-ocean-decade"],"acf":[],"yoast_head":"<!-- This site is optimized with the Yoast SEO plugin v24.6 - https:\/\/yoast.com\/wordpress\/plugins\/seo\/ -->\n<title>OCEAN DECADE CONFERENCE: el congreso PARA DEFINIR LA ESTRATEGIA COM\u00daN DE PROTECCI\u00d3N DEL OCE\u00c1No | CEAB<\/title>\n<meta name=\"robots\" content=\"index, follow, max-snippet:-1, max-image-preview:large, max-video-preview:-1\" \/>\n<link rel=\"canonical\" href=\"https:\/\/www.ceab.csic.es\/es\/ocean-decade-conference-la-cimera-de-la-unesco-per-definir-lestrategia-comuna-de-proteccio-de-locea\/\" \/>\n<meta property=\"og:locale\" content=\"es_ES\" \/>\n<meta property=\"og:type\" content=\"article\" \/>\n<meta property=\"og:title\" content=\"OCEAN DECADE CONFERENCE: el congreso PARA DEFINIR LA ESTRATEGIA COM\u00daN DE PROTECCI\u00d3N DEL OCE\u00c1No | CEAB\" \/>\n<meta property=\"og:description\" content=\"El evento se celebra en la ciudad de Barcelona entre estos 8 y 12 de abril. Se han previsto ponencias, presentaciones, mesas redondas y numerosos eventos paralelos en los que profesionales, expertos en distintos \u00e1mbitos, podr\u00e1n poner en com\u00fan sus conocimientos sobre las principales amenazas que afronta el oc\u00e9ano y sobre posibles v\u00edas de soluci\u00f3n.&hellip;&nbsp;OCEAN DECADE CONFERENCE: el congreso PARA DEFINIR LA ESTRATEGIA COM\u00daN DE PROTECCI\u00d3N DEL OCE\u00c1No\" \/>\n<meta property=\"og:url\" content=\"https:\/\/www.ceab.csic.es\/es\/ocean-decade-conference-la-cimera-de-la-unesco-per-definir-lestrategia-comuna-de-proteccio-de-locea\/\" \/>\n<meta property=\"og:site_name\" content=\"CEAB\" \/>\n<meta property=\"article:published_time\" content=\"2024-04-05T05:58:31+00:00\" \/>\n<meta property=\"og:image\" content=\"https:\/\/www.ceab.csic.es\/wp-content\/uploads\/2024\/04\/83485_990x450-cb1410303389.jpg\" \/>\n\t<meta property=\"og:image:width\" content=\"990\" \/>\n\t<meta property=\"og:image:height\" content=\"450\" \/>\n\t<meta property=\"og:image:type\" content=\"image\/jpeg\" \/>\n<meta name=\"author\" content=\"Noem\u00ed Guillem\" \/>\n<meta name=\"twitter:card\" content=\"summary_large_image\" \/>\n<meta name=\"twitter:creator\" content=\"@ceabcsic\" \/>\n<meta name=\"twitter:site\" content=\"@ceabcsic\" \/>\n<meta name=\"twitter:label1\" content=\"Escrito por\" \/>\n\t<meta name=\"twitter:data1\" content=\"Noem\u00ed Guillem\" \/>\n\t<meta name=\"twitter:label2\" content=\"Tiempo de lectura\" \/>\n\t<meta name=\"twitter:data2\" content=\"3 minutos\" \/>\n<script type=\"application\/ld+json\" class=\"yoast-schema-graph\">{\"@context\":\"https:\/\/schema.org\",\"@graph\":[{\"@type\":\"WebPage\",\"@id\":\"https:\/\/www.ceab.csic.es\/es\/ocean-decade-conference-la-cimera-de-la-unesco-per-definir-lestrategia-comuna-de-proteccio-de-locea\/\",\"url\":\"https:\/\/www.ceab.csic.es\/es\/ocean-decade-conference-la-cimera-de-la-unesco-per-definir-lestrategia-comuna-de-proteccio-de-locea\/\",\"name\":\"OCEAN DECADE CONFERENCE: el congreso PARA DEFINIR LA ESTRATEGIA COM\u00daN DE PROTECCI\u00d3N DEL OCE\u00c1No | CEAB\",\"isPartOf\":{\"@id\":\"https:\/\/www.ceab.csic.es\/es\/#website\"},\"primaryImageOfPage\":{\"@id\":\"https:\/\/www.ceab.csic.es\/es\/ocean-decade-conference-la-cimera-de-la-unesco-per-definir-lestrategia-comuna-de-proteccio-de-locea\/#primaryimage\"},\"image\":{\"@id\":\"https:\/\/www.ceab.csic.es\/es\/ocean-decade-conference-la-cimera-de-la-unesco-per-definir-lestrategia-comuna-de-proteccio-de-locea\/#primaryimage\"},\"thumbnailUrl\":\"https:\/\/www.ceab.csic.es\/wp-content\/uploads\/2024\/04\/83485_990x450-cb1410303389.jpg\",\"datePublished\":\"2024-04-05T05:58:31+00:00\",\"author\":{\"@id\":\"https:\/\/www.ceab.csic.es\/es\/#\/schema\/person\/9e98e5f2473d1f6aad49dbda849efb50\"},\"breadcrumb\":{\"@id\":\"https:\/\/www.ceab.csic.es\/es\/ocean-decade-conference-la-cimera-de-la-unesco-per-definir-lestrategia-comuna-de-proteccio-de-locea\/#breadcrumb\"},\"inLanguage\":\"es\",\"potentialAction\":[{\"@type\":\"ReadAction\",\"target\":[\"https:\/\/www.ceab.csic.es\/es\/ocean-decade-conference-la-cimera-de-la-unesco-per-definir-lestrategia-comuna-de-proteccio-de-locea\/\"]}]},{\"@type\":\"ImageObject\",\"inLanguage\":\"es\",\"@id\":\"https:\/\/www.ceab.csic.es\/es\/ocean-decade-conference-la-cimera-de-la-unesco-per-definir-lestrategia-comuna-de-proteccio-de-locea\/#primaryimage\",\"url\":\"https:\/\/www.ceab.csic.es\/wp-content\/uploads\/2024\/04\/83485_990x450-cb1410303389.jpg\",\"contentUrl\":\"https:\/\/www.ceab.csic.es\/wp-content\/uploads\/2024\/04\/83485_990x450-cb1410303389.jpg\",\"width\":990,\"height\":450},{\"@type\":\"BreadcrumbList\",\"@id\":\"https:\/\/www.ceab.csic.es\/es\/ocean-decade-conference-la-cimera-de-la-unesco-per-definir-lestrategia-comuna-de-proteccio-de-locea\/#breadcrumb\",\"itemListElement\":[{\"@type\":\"ListItem\",\"position\":1,\"name\":\"Inici\",\"item\":\"https:\/\/www.ceab.csic.es\/es\/\"},{\"@type\":\"ListItem\",\"position\":2,\"name\":\"OCEAN DECADE CONFERENCE: el congreso PARA DEFINIR LA ESTRATEGIA COM\u00daN DE PROTECCI\u00d3N DEL OCE\u00c1No\"}]},{\"@type\":\"WebSite\",\"@id\":\"https:\/\/www.ceab.csic.es\/es\/#website\",\"url\":\"https:\/\/www.ceab.csic.es\/es\/\",\"name\":\"CEAB\",\"description\":\"Centre Estudis Avan\u00e7ats de Blanes\",\"alternateName\":\"CEAB\",\"potentialAction\":[{\"@type\":\"SearchAction\",\"target\":{\"@type\":\"EntryPoint\",\"urlTemplate\":\"https:\/\/www.ceab.csic.es\/es\/?s={search_term_string}\"},\"query-input\":{\"@type\":\"PropertyValueSpecification\",\"valueRequired\":true,\"valueName\":\"search_term_string\"}}],\"inLanguage\":\"es\"},{\"@type\":\"Person\",\"@id\":\"https:\/\/www.ceab.csic.es\/es\/#\/schema\/person\/9e98e5f2473d1f6aad49dbda849efb50\",\"name\":\"Noem\u00ed Guillem\",\"image\":{\"@type\":\"ImageObject\",\"inLanguage\":\"es\",\"@id\":\"https:\/\/www.ceab.csic.es\/es\/#\/schema\/person\/image\/\",\"url\":\"https:\/\/secure.gravatar.com\/avatar\/cab253f6fa7b0ce5e36e74def0a60f62?s=96&d=mm&r=g\",\"contentUrl\":\"https:\/\/secure.gravatar.com\/avatar\/cab253f6fa7b0ce5e36e74def0a60f62?s=96&d=mm&r=g\",\"caption\":\"Noem\u00ed Guillem\"},\"sameAs\":[\"https:\/\/www.ceab.csic.es\/\"]}]}<\/script>\n<!-- \/ Yoast SEO plugin. -->","yoast_head_json":{"title":"OCEAN DECADE CONFERENCE: el congreso PARA DEFINIR LA ESTRATEGIA COM\u00daN DE PROTECCI\u00d3N DEL OCE\u00c1No | CEAB","robots":{"index":"index","follow":"follow","max-snippet":"max-snippet:-1","max-image-preview":"max-image-preview:large","max-video-preview":"max-video-preview:-1"},"canonical":"https:\/\/www.ceab.csic.es\/es\/ocean-decade-conference-la-cimera-de-la-unesco-per-definir-lestrategia-comuna-de-proteccio-de-locea\/","og_locale":"es_ES","og_type":"article","og_title":"OCEAN DECADE CONFERENCE: el congreso PARA DEFINIR LA ESTRATEGIA COM\u00daN DE PROTECCI\u00d3N DEL OCE\u00c1No | CEAB","og_description":"El evento se celebra en la ciudad de Barcelona entre estos 8 y 12 de abril. Se han previsto ponencias, presentaciones, mesas redondas y numerosos eventos paralelos en los que profesionales, expertos en distintos \u00e1mbitos, podr\u00e1n poner en com\u00fan sus conocimientos sobre las principales amenazas que afronta el oc\u00e9ano y sobre posibles v\u00edas de soluci\u00f3n.&hellip;&nbsp;OCEAN DECADE CONFERENCE: el congreso PARA DEFINIR LA ESTRATEGIA COM\u00daN DE PROTECCI\u00d3N DEL OCE\u00c1No","og_url":"https:\/\/www.ceab.csic.es\/es\/ocean-decade-conference-la-cimera-de-la-unesco-per-definir-lestrategia-comuna-de-proteccio-de-locea\/","og_site_name":"CEAB","article_published_time":"2024-04-05T05:58:31+00:00","og_image":[{"width":990,"height":450,"url":"https:\/\/www.ceab.csic.es\/wp-content\/uploads\/2024\/04\/83485_990x450-cb1410303389.jpg","type":"image\/jpeg"}],"author":"Noem\u00ed Guillem","twitter_card":"summary_large_image","twitter_creator":"@ceabcsic","twitter_site":"@ceabcsic","twitter_misc":{"Escrito por":"Noem\u00ed Guillem","Tiempo de lectura":"3 minutos"},"schema":{"@context":"https:\/\/schema.org","@graph":[{"@type":"WebPage","@id":"https:\/\/www.ceab.csic.es\/es\/ocean-decade-conference-la-cimera-de-la-unesco-per-definir-lestrategia-comuna-de-proteccio-de-locea\/","url":"https:\/\/www.ceab.csic.es\/es\/ocean-decade-conference-la-cimera-de-la-unesco-per-definir-lestrategia-comuna-de-proteccio-de-locea\/","name":"OCEAN DECADE CONFERENCE: el congreso PARA DEFINIR LA ESTRATEGIA COM\u00daN DE PROTECCI\u00d3N DEL OCE\u00c1No | CEAB","isPartOf":{"@id":"https:\/\/www.ceab.csic.es\/es\/#website"},"primaryImageOfPage":{"@id":"https:\/\/www.ceab.csic.es\/es\/ocean-decade-conference-la-cimera-de-la-unesco-per-definir-lestrategia-comuna-de-proteccio-de-locea\/#primaryimage"},"image":{"@id":"https:\/\/www.ceab.csic.es\/es\/ocean-decade-conference-la-cimera-de-la-unesco-per-definir-lestrategia-comuna-de-proteccio-de-locea\/#primaryimage"},"thumbnailUrl":"https:\/\/www.ceab.csic.es\/wp-content\/uploads\/2024\/04\/83485_990x450-cb1410303389.jpg","datePublished":"2024-04-05T05:58:31+00:00","author":{"@id":"https:\/\/www.ceab.csic.es\/es\/#\/schema\/person\/9e98e5f2473d1f6aad49dbda849efb50"},"breadcrumb":{"@id":"https:\/\/www.ceab.csic.es\/es\/ocean-decade-conference-la-cimera-de-la-unesco-per-definir-lestrategia-comuna-de-proteccio-de-locea\/#breadcrumb"},"inLanguage":"es","potentialAction":[{"@type":"ReadAction","target":["https:\/\/www.ceab.csic.es\/es\/ocean-decade-conference-la-cimera-de-la-unesco-per-definir-lestrategia-comuna-de-proteccio-de-locea\/"]}]},{"@type":"ImageObject","inLanguage":"es","@id":"https:\/\/www.ceab.csic.es\/es\/ocean-decade-conference-la-cimera-de-la-unesco-per-definir-lestrategia-comuna-de-proteccio-de-locea\/#primaryimage","url":"https:\/\/www.ceab.csic.es\/wp-content\/uploads\/2024\/04\/83485_990x450-cb1410303389.jpg","contentUrl":"https:\/\/www.ceab.csic.es\/wp-content\/uploads\/2024\/04\/83485_990x450-cb1410303389.jpg","width":990,"height":450},{"@type":"BreadcrumbList","@id":"https:\/\/www.ceab.csic.es\/es\/ocean-decade-conference-la-cimera-de-la-unesco-per-definir-lestrategia-comuna-de-proteccio-de-locea\/#breadcrumb","itemListElement":[{"@type":"ListItem","position":1,"name":"Inici","item":"https:\/\/www.ceab.csic.es\/es\/"},{"@type":"ListItem","position":2,"name":"OCEAN DECADE CONFERENCE: el congreso PARA DEFINIR LA ESTRATEGIA COM\u00daN DE PROTECCI\u00d3N DEL OCE\u00c1No"}]},{"@type":"WebSite","@id":"https:\/\/www.ceab.csic.es\/es\/#website","url":"https:\/\/www.ceab.csic.es\/es\/","name":"CEAB","description":"Centre Estudis Avan\u00e7ats de Blanes","alternateName":"CEAB","potentialAction":[{"@type":"SearchAction","target":{"@type":"EntryPoint","urlTemplate":"https:\/\/www.ceab.csic.es\/es\/?s={search_term_string}"},"query-input":{"@type":"PropertyValueSpecification","valueRequired":true,"valueName":"search_term_string"}}],"inLanguage":"es"},{"@type":"Person","@id":"https:\/\/www.ceab.csic.es\/es\/#\/schema\/person\/9e98e5f2473d1f6aad49dbda849efb50","name":"Noem\u00ed Guillem","image":{"@type":"ImageObject","inLanguage":"es","@id":"https:\/\/www.ceab.csic.es\/es\/#\/schema\/person\/image\/","url":"https:\/\/secure.gravatar.com\/avatar\/cab253f6fa7b0ce5e36e74def0a60f62?s=96&d=mm&r=g","contentUrl":"https:\/\/secure.gravatar.com\/avatar\/cab253f6fa7b0ce5e36e74def0a60f62?s=96&d=mm&r=g","caption":"Noem\u00ed Guillem"},"sameAs":["https:\/\/www.ceab.csic.es\/"]}]}},"_links":{"self":[{"href":"https:\/\/www.ceab.csic.es\/es\/wp-json\/wp\/v2\/posts\/9441","targetHints":{"allow":["GET"]}}],"collection":[{"href":"https:\/\/www.ceab.csic.es\/es\/wp-json\/wp\/v2\/posts"}],"about":[{"href":"https:\/\/www.ceab.csic.es\/es\/wp-json\/wp\/v2\/types\/post"}],"author":[{"embeddable":true,"href":"https:\/\/www.ceab.csic.es\/es\/wp-json\/wp\/v2\/users\/3"}],"replies":[{"embeddable":true,"href":"https:\/\/www.ceab.csic.es\/es\/wp-json\/wp\/v2\/comments?post=9441"}],"version-history":[{"count":0,"href":"https:\/\/www.ceab.csic.es\/es\/wp-json\/wp\/v2\/posts\/9441\/revisions"}],"wp:featuredmedia":[{"embeddable":true,"href":"https:\/\/www.ceab.csic.es\/es\/wp-json\/wp\/v2\/media\/10107"}],"wp:attachment":[{"href":"https:\/\/www.ceab.csic.es\/es\/wp-json\/wp\/v2\/media?parent=9441"}],"wp:term":[{"taxonomy":"category","embeddable":true,"href":"https:\/\/www.ceab.csic.es\/es\/wp-json\/wp\/v2\/categories?post=9441"},{"taxonomy":"post_tag","embeddable":true,"href":"https:\/\/www.ceab.csic.es\/es\/wp-json\/wp\/v2\/tags?post=9441"}],"curies":[{"name":"wp","href":"https:\/\/api.w.org\/{rel}","templated":true}]}}